{"id":53393,"date":"2024-04-18T12:52:33","date_gmt":"2024-04-18T18:52:33","guid":{"rendered":"https:\/\/encuentroinformativo.com.mx\/?p=53393"},"modified":"2024-04-18T13:57:28","modified_gmt":"2024-04-18T19:57:28","slug":"se-suman-ex-dirigentes-partidistas-a-pepe-yunes","status":"publish","type":"post","link":"https:\/\/encuentroinformativo.com.mx\/?p=53393","title":{"rendered":"Se suman ex dirigentes partidistas a Pepe Yunes"},"content":{"rendered":"\n<p><strong>Dar\u00edo Pale <\/strong><\/p>\n\n\n\n<p>Xalapa, Ver.- La ex dirigente de Nueva Alianza Jacqueline Garc\u00eda Hern\u00e1ndez asegur\u00f3 que en el pr\u00f3ximo proceso electoral el partido Fuerza por M\u00e9xico va a perder el registro ante el OPLE.<\/p>\n\n\n\n<p>Record\u00f3 que en el pasado proceso local electoral en Veracruz en el a\u00f1o 2021, Fuerza por M\u00e9xico logr\u00f3 mantener el registro gracias a Nueva Alianza, sin embargo ahora que han decidido ir junto al PRI, PAN y PRD, mientras que Fuerza por M\u00e9xico con Morena est\u00e1 destinado a perder registro.<\/p>\n\n\n\n<p>Jacqueline Garc\u00eda Hern\u00e1ndez se\u00f1al\u00f3 que ella cuenta con las estructuras en todo el Estado para hacer trabajo hacia el candidato del PRI y demostrar que el verdadero poder dentro de Fuerza por M\u00e9xico era gracias a Nueva Alianza.<\/p>\n\n\n\n<p>En otro orden de ideas la exdirigente estatal, dio a conocer que ella y su grupo pol\u00edtico se suman a la campa\u00f1a del priista Jos\u00e9 Yunes Zorrilla y asegur\u00f3 que le estar\u00edan aportando 210 mil votos, que consider\u00f3 es el capital pol\u00edtico de lo que fue Nueva Alianza.<\/p>\n\n\n\n<p>Si bien, reconoci\u00f3 que dicho partido perdi\u00f3 su registro tanto a nivel nacional como estatal, a\u00fan contin\u00faan organizados y haciendo trabajo pol\u00edtico, mencion\u00f3 que en el actual proceso electoral al analizar a los candidatos decidieron sumarse con Jos\u00e9 Yunes, por contar con un proyecto que rescate a Veracruz.<\/p>\n\n\n\n<p>Critic\u00f3 el mal gobierno y nulos resultados de la administraci\u00f3n del gobernador Cuitl\u00e1huac Garc\u00eda Jim\u00e9nez y en s\u00ed de todo lo que representa Morena.<\/p>\n\n\n\n<p>Por tal raz\u00f3n, dijo, se suma a un proyecto con certeza y ahora buscar\u00e1n organizarse para trabajar a favor del priista y que llegado el d\u00eda de la elecci\u00f3n le aporten 210 mil votos.<\/p>\n\n\n\n<p>Jacqueline Garc\u00eda Hern\u00e1ndez insisti\u00f3 que Nueva Alianza est\u00e1 vigente a\u00fan en Veracruz y ya se ver\u00e1n los resultados en los pr\u00f3ximos comicios.<\/p>\n\n\n\n<p>Tambi\u00e9n calific\u00f3 que el ahora l\u00edder de dicho partido pol\u00edtico estatal, Eduardo &#8220;Tato&#8221; Vega Yunes es un \u201cprostituto\u201d de la pol\u00edtica, vendi\u00e9ndose al mejor postor.<\/p>\n\n\n\n<p>\u201cTato ten\u00eda acuerdos con el exsecretario de Gobierno, Eric Cisneros y ahora los tiene con la candidata, ella sabe, estoy segura que sabe que no le aporta absolutamente nada, pero prefiere tenerlo a su lado a tenerlo fuera de ah\u00ed&#8221;, se\u00f1al\u00f3.\u00a0&#8220;S\u00ed (es un prostituto, que se vende al mejor postor), esa es la palabra. Lo mas triste es que venden espejitos porque no traen nada y lo va a demostrar el 2 de junio cuando Fuerza por M\u00e9xico pierda su registro\u201d, agreg\u00f3.<\/p>\n\n\n\n<p>Ella y los exdirigentes de Morena, Gonzalo Vicencio y de Redes Sociales Progresistas, Antonio Lagunes, oficializaron su respaldo al candidato a la gubernatura de Veracruz, Jos\u00e9 Francisco Yunes Zorrilla.\u00a0<\/p>\n\n\n\n<p>Afirm\u00f3 que ella sigue conservando la estructura de Fuerza por M\u00e9xico, pero tambi\u00e9n la de Nueva Alianza, en donde tambi\u00e9n particip\u00f3, de manera que est\u00e1 segura que los votos aportados en 2018, que fueron 110 mil, se ver\u00e1n reflejados en beneficio del candidato de la coalici\u00f3n \u201cFuerza y Coraz\u00f3n por Veracruz\u201d.\u00a0<\/p>\n\n\n\n<p>La exl\u00edder de Fuerza por M\u00e9xico dijo que ella, junto con otros l\u00edderes puede garantizar los votos para Pepe Yunes porque su \u201cverdadero poder\u201d es la amistad que ha construido a lo largo de 20 a\u00f1os.\u00a0<\/p>\n\n\n\n<p>Acus\u00f3 que a pesar de demostr\u00f3 que Eduardo Vega hab\u00eda renunciado al Partido, \u00e9l logr\u00f3 quedarse en la dirigencia por acuerdos con autoridades del Estado, pero \u201cse qued\u00f3 como dirigente, pero se qued\u00f3 sin militantes\u201d.\u00a0<\/p>\n\n\n\n<p>Finalmente dio a conocer que, \u201cno lo va a lograr, no va a tener el mismo respaldo. S\u00ed hubo violencia, estuvo sacando notas, mentiras en mi contra. Pedro Haces en una reuni\u00f3n dijo que si Veracruz se queda con la dirigencia voy y se la arrebato con todo y tripas, eso es violencia\u201d.<\/p>\n","protected":false},"excerpt":{"rendered":"<p>Dar\u00edo Pale Xalapa, Ver.- La ex dirigente de Nueva Alianza Jacqueline Garc\u00eda Hern\u00e1ndez asegur\u00f3 que en el pr\u00f3ximo proceso electoral el partido Fuerza por M\u00e9xico va a perder el registro ante el OPLE. Record\u00f3 que en el pasado proceso local electoral en Veracruz en el a\u00f1o 2021, Fuerza por M\u00e9xico logr\u00f3 mantener el registro gracias [&hellip;]<\/p>\n","protected":false},"author":2476,"featured_media":53394,"comment_status":"open","ping_status":"open","sticky":false,"template":"","format":"standard","meta":{"_jetpack_memberships_contains_paid_content":false,"footnotes":""},"categories":[2],"tags":[],"class_list":["post-53393","post","type-post","status-publish","format-standard","has-post-thumbnail","hentry","category-estado"],"jetpack_featured_media_url":"https:\/\/encuentroinformativo.com.mx\/wp-content\/uploads\/2024\/04\/IMG-20240418-WA00592.jpg","jetpack_sharing_enabled":true,"jetpack_likes_enabled":true,"amp_enabled":true,"_links":{"self":[{"href":"https:\/\/encuentroinformativo.com.mx\/index.php?rest_route=\/wp\/v2\/posts\/53393","targetHints":{"allow":["GET"]}}],"collection":[{"href":"https:\/\/encuentroinformativo.com.mx\/index.php?rest_route=\/wp\/v2\/posts"}],"about":[{"href":"https:\/\/encuentroinformativo.com.mx\/index.php?rest_route=\/wp\/v2\/types\/post"}],"author":[{"embeddable":true,"href":"https:\/\/encuentroinformativo.com.mx\/index.php?rest_route=\/wp\/v2\/users\/2476"}],"replies":[{"embeddable":true,"href":"https:\/\/encuentroinformativo.com.mx\/index.php?rest_route=%2Fwp%2Fv2%2Fcomments&post=53393"}],"version-history":[{"count":1,"href":"https:\/\/encuentroinformativo.com.mx\/index.php?rest_route=\/wp\/v2\/posts\/53393\/revisions"}],"predecessor-version":[{"id":53395,"href":"https:\/\/encuentroinformativo.com.mx\/index.php?rest_route=\/wp\/v2\/posts\/53393\/revisions\/53395"}],"wp:featuredmedia":[{"embeddable":true,"href":"https:\/\/encuentroinformativo.com.mx\/index.php?rest_route=\/wp\/v2\/media\/53394"}],"wp:attachment":[{"href":"https:\/\/encuentroinformativo.com.mx\/index.php?rest_route=%2Fwp%2Fv2%2Fmedia&parent=53393"}],"wp:term":[{"taxonomy":"category","embeddable":true,"href":"https:\/\/encuentroinformativo.com.mx\/index.php?rest_route=%2Fwp%2Fv2%2Fcategories&post=53393"},{"taxonomy":"post_tag","embeddable":true,"href":"https:\/\/encuentroinformativo.com.mx\/index.php?rest_route=%2Fwp%2Fv2%2Ftags&post=53393"}],"curies":[{"name":"wp","href":"https:\/\/api.w.org\/{rel}","templated":true}]}}