{"id":53399,"date":"2024-04-18T16:48:07","date_gmt":"2024-04-18T22:48:07","guid":{"rendered":"https:\/\/encuentroinformativo.com.mx\/?p=53399"},"modified":"2024-04-18T16:48:12","modified_gmt":"2024-04-18T22:48:12","slug":"implementaran-cobertura-electoral-segura-para-periodistas","status":"publish","type":"post","link":"https:\/\/encuentroinformativo.com.mx\/?p=53399","title":{"rendered":"Implementar\u00e1n Cobertura Electoral Segura para periodistas"},"content":{"rendered":"\n<p><strong>Dar\u00edo Pale<\/strong><\/p>\n\n\n\n<p>Xalapa, Ver.- Con la finalidad de proporcionar seguridad a los periodistas durante la jornada electoral, se llevar\u00e1 a cabo el programa \u201cCobertura Electoral Segura Veracruz 2024\u201d, as\u00ed lo dio a conocer el director General de Cultura de Paz y Derechos Humanos, Sergio Ulises Montes Guzm\u00e1n.<\/p>\n\n\n\n<p>Entrevistado, dijo que se trabajar\u00e1 en conjunto con la CEAPP para identificar si existen puntos de mayor riesgo para los comunicadores y efectuar acciones para prevenir cualquier incidente que ponga en peligro su integridad f\u00edsica.<\/p>\n\n\n\n<p>Se\u00f1al\u00f3 que como parte de este programa se realizar\u00edan recorridos en donde sea necesario de los 30 distritos electorales locales y 19 federales y en algunos municipios que tengan alguna necesidad de vigilancia especial.<\/p>\n\n\n\n<p>Y es que asegur\u00f3 que no basta con que los periodistas vayan identificados y con chalecos,\u00a0 pues se les tiene que garantizar su seguridad.<\/p>\n\n\n\n<p>Finalmente, precis\u00f3 que los atentados en contra de candidatos, pone en alerta a las autoridades, de ah\u00ed que sea necesario dar seguridad no solo a los reporteros, sino a toda la poblaci\u00f3n.<\/p>\n","protected":false},"excerpt":{"rendered":"<p>Dar\u00edo Pale Xalapa, Ver.- Con la finalidad de proporcionar seguridad a los periodistas durante la jornada electoral, se llevar\u00e1 a cabo el programa \u201cCobertura Electoral Segura Veracruz 2024\u201d, as\u00ed lo dio a conocer el director General de Cultura de Paz y Derechos Humanos, Sergio Ulises Montes Guzm\u00e1n. Entrevistado, dijo que se trabajar\u00e1 en conjunto con [&hellip;]<\/p>\n","protected":false},"author":2476,"featured_media":53400,"comment_status":"open","ping_status":"open","sticky":false,"template":"","format":"standard","meta":{"_jetpack_memberships_contains_paid_content":false,"footnotes":""},"categories":[2],"tags":[],"class_list":["post-53399","post","type-post","status-publish","format-standard","has-post-thumbnail","hentry","category-estado"],"jetpack_featured_media_url":"https:\/\/encuentroinformativo.com.mx\/wp-content\/uploads\/2024\/04\/IMG-20240418-WA0103.jpg","jetpack_sharing_enabled":true,"jetpack_likes_enabled":true,"amp_enabled":true,"_links":{"self":[{"href":"https:\/\/encuentroinformativo.com.mx\/index.php?rest_route=\/wp\/v2\/posts\/53399","targetHints":{"allow":["GET"]}}],"collection":[{"href":"https:\/\/encuentroinformativo.com.mx\/index.php?rest_route=\/wp\/v2\/posts"}],"about":[{"href":"https:\/\/encuentroinformativo.com.mx\/index.php?rest_route=\/wp\/v2\/types\/post"}],"author":[{"embeddable":true,"href":"https:\/\/encuentroinformativo.com.mx\/index.php?rest_route=\/wp\/v2\/users\/2476"}],"replies":[{"embeddable":true,"href":"https:\/\/encuentroinformativo.com.mx\/index.php?rest_route=%2Fwp%2Fv2%2Fcomments&post=53399"}],"version-history":[{"count":1,"href":"https:\/\/encuentroinformativo.com.mx\/index.php?rest_route=\/wp\/v2\/posts\/53399\/revisions"}],"predecessor-version":[{"id":53401,"href":"https:\/\/encuentroinformativo.com.mx\/index.php?rest_route=\/wp\/v2\/posts\/53399\/revisions\/53401"}],"wp:featuredmedia":[{"embeddable":true,"href":"https:\/\/encuentroinformativo.com.mx\/index.php?rest_route=\/wp\/v2\/media\/53400"}],"wp:attachment":[{"href":"https:\/\/encuentroinformativo.com.mx\/index.php?rest_route=%2Fwp%2Fv2%2Fmedia&parent=53399"}],"wp:term":[{"taxonomy":"category","embeddable":true,"href":"https:\/\/encuentroinformativo.com.mx\/index.php?rest_route=%2Fwp%2Fv2%2Fcategories&post=53399"},{"taxonomy":"post_tag","embeddable":true,"href":"https:\/\/encuentroinformativo.com.mx\/index.php?rest_route=%2Fwp%2Fv2%2Ftags&post=53399"}],"curies":[{"name":"wp","href":"https:\/\/api.w.org\/{rel}","templated":true}]}}