{"id":53405,"date":"2024-04-18T21:00:42","date_gmt":"2024-04-19T03:00:42","guid":{"rendered":"https:\/\/encuentroinformativo.com.mx\/?p=53405"},"modified":"2024-04-18T21:00:48","modified_gmt":"2024-04-19T03:00:48","slug":"en-mi-gobierno-no-habra-clasismo-rocio-nahle","status":"publish","type":"post","link":"https:\/\/encuentroinformativo.com.mx\/?p=53405","title":{"rendered":"En mi gobierno no habr\u00e1 clasismo: Roc\u00edo Nahle"},"content":{"rendered":"\n<p><strong>Alejandro \u00c1vila<\/strong><\/p>\n\n\n\n<p>Veracruz, Ver.- El puntualizar en discursos que su lugar de nacimiento es el estado de Zacatecas, y por lo cual ha sido atacada en redes sociales, no es algo que preocupe a la candidata de Morena, Roc\u00edo Nahle Garc\u00eda.<\/p>\n\n\n\n<p>La ex secretaria de Energ\u00eda reconoci\u00f3 en rueda de prensa que no le molesta utilicen el gentilicio de su lugar de nacimiento para referirse a ella, ya que de la misma manera, hay miles de veracruzanos que est\u00e1n fuera de la entidad y reconocen con orgullo su estado de origen.<\/p>\n\n\n\n<p>&#8220;A m\u00ed no me molesta que me digan que nac\u00ed en otro estado porque no tiene nada de malo, aqu\u00ed en mi gobierno no va a haber clasismo, no haber discriminaci\u00f3n y no va a haber racismo, de eso me voy a encargar de trabajar todos los d\u00edas. Por ejemplo, m\u00e1s de 2 millones de veracruzanos est\u00e1n fuera del territorio, y yo quiero que a esos 2 millones en donde est\u00e9n los traten con respeto&#8221;, puntualiz\u00f3.<\/p>\n\n\n\n<p>En otro tema, habl\u00f3 sobre la denuncia que hizo el empresario, Arturo Castagne, por presunto enriquecimiento il\u00edcito y la compra de propiedades a precios exorbitantes, la ma\u00f1ana de este jueves; al tiempo que mencion\u00f3 que anualmente presenta su declaraci\u00f3n patrimonial ante la Fiscal\u00eda de la Funci\u00f3n P\u00fablica.<\/p>\n\n\n\n<p>&#8220;Esta va avalada por la hoja de percepciones y deducciones del SAT, a qui\u00e9n le interesa es p\u00fablica y puede verlo ah\u00ed. Yo no creo que sea un delito arrendar o rentar una casa donde uno quiera, \u00bfno crees?, y los recibos de luz, ya hasta me publicaron los recibos de luz de la casa de Coatzacoalcos, de enero, cuando yo andaba en gira y pues yo no estaba en la casa, era de 800 pesos, precisamente porque ando de gira&#8221;, culmin\u00f3.<\/p>\n","protected":false},"excerpt":{"rendered":"<p>Alejandro \u00c1vila Veracruz, Ver.- El puntualizar en discursos que su lugar de nacimiento es el estado de Zacatecas, y por lo cual ha sido atacada en redes sociales, no es algo que preocupe a la candidata de Morena, Roc\u00edo Nahle Garc\u00eda. La ex secretaria de Energ\u00eda reconoci\u00f3 en rueda de prensa que no le molesta [&hellip;]<\/p>\n","protected":false},"author":2476,"featured_media":53406,"comment_status":"open","ping_status":"open","sticky":false,"template":"","format":"standard","meta":{"_jetpack_memberships_contains_paid_content":false,"footnotes":""},"categories":[2],"tags":[],"class_list":["post-53405","post","type-post","status-publish","format-standard","has-post-thumbnail","hentry","category-estado"],"jetpack_featured_media_url":"https:\/\/encuentroinformativo.com.mx\/wp-content\/uploads\/2024\/04\/IMG-20240418-WA0123.jpg","jetpack_sharing_enabled":true,"jetpack_likes_enabled":true,"amp_enabled":true,"_links":{"self":[{"href":"https:\/\/encuentroinformativo.com.mx\/index.php?rest_route=\/wp\/v2\/posts\/53405","targetHints":{"allow":["GET"]}}],"collection":[{"href":"https:\/\/encuentroinformativo.com.mx\/index.php?rest_route=\/wp\/v2\/posts"}],"about":[{"href":"https:\/\/encuentroinformativo.com.mx\/index.php?rest_route=\/wp\/v2\/types\/post"}],"author":[{"embeddable":true,"href":"https:\/\/encuentroinformativo.com.mx\/index.php?rest_route=\/wp\/v2\/users\/2476"}],"replies":[{"embeddable":true,"href":"https:\/\/encuentroinformativo.com.mx\/index.php?rest_route=%2Fwp%2Fv2%2Fcomments&post=53405"}],"version-history":[{"count":1,"href":"https:\/\/encuentroinformativo.com.mx\/index.php?rest_route=\/wp\/v2\/posts\/53405\/revisions"}],"predecessor-version":[{"id":53407,"href":"https:\/\/encuentroinformativo.com.mx\/index.php?rest_route=\/wp\/v2\/posts\/53405\/revisions\/53407"}],"wp:featuredmedia":[{"embeddable":true,"href":"https:\/\/encuentroinformativo.com.mx\/index.php?rest_route=\/wp\/v2\/media\/53406"}],"wp:attachment":[{"href":"https:\/\/encuentroinformativo.com.mx\/index.php?rest_route=%2Fwp%2Fv2%2Fmedia&parent=53405"}],"wp:term":[{"taxonomy":"category","embeddable":true,"href":"https:\/\/encuentroinformativo.com.mx\/index.php?rest_route=%2Fwp%2Fv2%2Fcategories&post=53405"},{"taxonomy":"post_tag","embeddable":true,"href":"https:\/\/encuentroinformativo.com.mx\/index.php?rest_route=%2Fwp%2Fv2%2Ftags&post=53405"}],"curies":[{"name":"wp","href":"https:\/\/api.w.org\/{rel}","templated":true}]}}