{"id":53408,"date":"2024-04-18T21:04:29","date_gmt":"2024-04-19T03:04:29","guid":{"rendered":"https:\/\/encuentroinformativo.com.mx\/?p=53408"},"modified":"2024-04-18T21:04:35","modified_gmt":"2024-04-19T03:04:35","slug":"claudia-sheinbaum-visitara-cuatro-municipios-del-norte-de-veracruz","status":"publish","type":"post","link":"https:\/\/encuentroinformativo.com.mx\/?p=53408","title":{"rendered":"Claudia Sheinbaum visitar\u00e1 cuatro municipios del norte de Veracruz"},"content":{"rendered":"\n<p><strong>Alejandro \u00c1vila<\/strong><\/p>\n\n\n\n<p>Veracruz, Ver.- La candidata de Morena, Roc\u00edo Nahle Garc\u00eda, confirm\u00f3 que el pr\u00f3ximo martes 23 de abril, la candidata a la presidencia, Claudia Sheinbaum Pardo estar\u00e1 de visita en el norte de la entidad veracruzana.<\/p>\n\n\n\n<p>Durante su gira por la Huasteca, de los estados de Hidalgo, Tamaulipas y Veracruz; estar\u00e1 en 4 municipios de nuestra entidad.<\/p>\n\n\n\n<p>&#8220;Viene a Panuco, va a estar en Tantoyuca, est\u00e1 su coordinador de giras, va a estar en \u00c1lamo y en Papantla. Diferentes d\u00edas porque entra y sale de la Huasteca, tanto de Hidalgo, de Tamaulipas, entra y sale, pero va a estar varios d\u00edas aqu\u00ed. Ella est\u00e1 haciendo su gira en todo el pa\u00eds, recorriendo los 300 distritos federales electorales, hace tres o cuatro semanas estuvo en el sur y hoy toca en el norte&#8221;, expres\u00f3.<\/p>\n\n\n\n<p>Al respecto de la gira de la presidenciable, mencion\u00f3 que la militancia de Morena la recibir\u00e1 con los brazos abiertos, pues es una zona donde tambi\u00e9n est\u00e1 fortalecido el movimiento de la Cuarta Transformaci\u00f3n.<\/p>\n\n\n\n<p>&#8220;Como va a encontrar, pues va a encontrar una militancia viva, activa, contenta. La vamos a recibir con mucho gusto, que ella quiere mucho a Veracruz y a los veracruzanos y nosotros la queremos mucho, entonces van a ser muy buenos eventos&#8221;, remat\u00f3.<\/p>\n","protected":false},"excerpt":{"rendered":"<p>Alejandro \u00c1vila Veracruz, Ver.- La candidata de Morena, Roc\u00edo Nahle Garc\u00eda, confirm\u00f3 que el pr\u00f3ximo martes 23 de abril, la candidata a la presidencia, Claudia Sheinbaum Pardo estar\u00e1 de visita en el norte de la entidad veracruzana. Durante su gira por la Huasteca, de los estados de Hidalgo, Tamaulipas y Veracruz; estar\u00e1 en 4 municipios [&hellip;]<\/p>\n","protected":false},"author":2476,"featured_media":53409,"comment_status":"open","ping_status":"open","sticky":false,"template":"","format":"standard","meta":{"_jetpack_memberships_contains_paid_content":false,"footnotes":""},"categories":[2],"tags":[],"class_list":["post-53408","post","type-post","status-publish","format-standard","has-post-thumbnail","hentry","category-estado"],"jetpack_featured_media_url":"https:\/\/encuentroinformativo.com.mx\/wp-content\/uploads\/2024\/04\/IMG-20240418-WA01212.jpg","jetpack_sharing_enabled":true,"jetpack_likes_enabled":true,"amp_enabled":true,"_links":{"self":[{"href":"https:\/\/encuentroinformativo.com.mx\/index.php?rest_route=\/wp\/v2\/posts\/53408","targetHints":{"allow":["GET"]}}],"collection":[{"href":"https:\/\/encuentroinformativo.com.mx\/index.php?rest_route=\/wp\/v2\/posts"}],"about":[{"href":"https:\/\/encuentroinformativo.com.mx\/index.php?rest_route=\/wp\/v2\/types\/post"}],"author":[{"embeddable":true,"href":"https:\/\/encuentroinformativo.com.mx\/index.php?rest_route=\/wp\/v2\/users\/2476"}],"replies":[{"embeddable":true,"href":"https:\/\/encuentroinformativo.com.mx\/index.php?rest_route=%2Fwp%2Fv2%2Fcomments&post=53408"}],"version-history":[{"count":1,"href":"https:\/\/encuentroinformativo.com.mx\/index.php?rest_route=\/wp\/v2\/posts\/53408\/revisions"}],"predecessor-version":[{"id":53410,"href":"https:\/\/encuentroinformativo.com.mx\/index.php?rest_route=\/wp\/v2\/posts\/53408\/revisions\/53410"}],"wp:featuredmedia":[{"embeddable":true,"href":"https:\/\/encuentroinformativo.com.mx\/index.php?rest_route=\/wp\/v2\/media\/53409"}],"wp:attachment":[{"href":"https:\/\/encuentroinformativo.com.mx\/index.php?rest_route=%2Fwp%2Fv2%2Fmedia&parent=53408"}],"wp:term":[{"taxonomy":"category","embeddable":true,"href":"https:\/\/encuentroinformativo.com.mx\/index.php?rest_route=%2Fwp%2Fv2%2Fcategories&post=53408"},{"taxonomy":"post_tag","embeddable":true,"href":"https:\/\/encuentroinformativo.com.mx\/index.php?rest_route=%2Fwp%2Fv2%2Ftags&post=53408"}],"curies":[{"name":"wp","href":"https:\/\/api.w.org\/{rel}","templated":true}]}}