{"id":53413,"date":"2024-04-19T12:24:07","date_gmt":"2024-04-19T18:24:07","guid":{"rendered":"https:\/\/encuentroinformativo.com.mx\/?p=53413"},"modified":"2024-04-19T12:24:12","modified_gmt":"2024-04-19T18:24:12","slug":"cursos-y-talleres-para-emprendedores-aumentaran-su-economia-veronica-pulido","status":"publish","type":"post","link":"https:\/\/encuentroinformativo.com.mx\/?p=53413","title":{"rendered":"Cursos y talleres para emprendedores aumentar\u00e1n su econom\u00eda: Ver\u00f3nica Pulido"},"content":{"rendered":"\n<p><strong>Alejandro \u00c1vila<\/strong><\/p>\n\n\n\n<p>Veracruz, Ver.- Tras la pandemia cientos de veracruzanos iniciaron un negocio propio con la finalidad de subsistir durante la contingencia sanitaria; desafortunadamente muchos de ellos fueron desapareciendo debido a la falta de herramientas para poder consolidar su comercio.<\/p>\n\n\n\n<p>Ante esta situaci\u00f3n, la candidata a diputada federal por el Distrito 12, Ver\u00f3nica Pulido Herrera, mencion\u00f3 que promover\u00e1 cursos y talleres para emprendedores y micro y peque\u00f1os empresarios, con el objetivo de que consoliden sus marcas o productos y aumenten sus ventas.<\/p>\n\n\n\n<p>&#8220;La capacitaci\u00f3n para cualquier persona es fundamental, y sobre todo para quienes se dedican al comercio. Es por ello que buscar\u00e9 gestionar cursos y talleres enfocados en los peque\u00f1os empresarios veracruzanos, pl\u00e1ticas sobre administraci\u00f3n, finanzas y mercadotecnia, es lo que les ayudar\u00e1 a incrementar sus ganancias&#8221;, se\u00f1al\u00f3.<\/p>\n\n\n\n<p>La candidata de la alianza &#8220;Fuerza y Coraz\u00f3n por M\u00e9xico&#8221;, mencion\u00f3 que la ayuda mediante programas sociales del Gobierno es buena; sin embargo, no a todos los ciudadanos les llega, y tampoco se les incita a hacer crecer ese recurso.<\/p>\n\n\n\n<p>&#8220;La realidad es que he caminado durante muchos a\u00f1os el municipio de Veracruz, y me he dado cuenta que no a todas las personas le llegan los Programas Sociales que tanto presume el gobierno federal y estatal. Pero el problema es m\u00e1s a fondo, ya que tambi\u00e9n tendr\u00eda que ser nuestra obligaci\u00f3n dotarle de las herramientas necesarias para que las personas que quiera emprender, cuenten con la capacitaci\u00f3n constante que los haga consolidar su negocio y aumentar sus ingresos&#8221;, remat\u00f3.<\/p>\n","protected":false},"excerpt":{"rendered":"<p>Alejandro \u00c1vila Veracruz, Ver.- Tras la pandemia cientos de veracruzanos iniciaron un negocio propio con la finalidad de subsistir durante la contingencia sanitaria; desafortunadamente muchos de ellos fueron desapareciendo debido a la falta de herramientas para poder consolidar su comercio. Ante esta situaci\u00f3n, la candidata a diputada federal por el Distrito 12, Ver\u00f3nica Pulido Herrera, [&hellip;]<\/p>\n","protected":false},"author":2476,"featured_media":53414,"comment_status":"open","ping_status":"open","sticky":false,"template":"","format":"standard","meta":{"_jetpack_memberships_contains_paid_content":false,"footnotes":""},"categories":[2],"tags":[],"class_list":["post-53413","post","type-post","status-publish","format-standard","has-post-thumbnail","hentry","category-estado"],"jetpack_featured_media_url":"https:\/\/encuentroinformativo.com.mx\/wp-content\/uploads\/2024\/04\/IMG-20240419-WA0009.jpg","jetpack_sharing_enabled":true,"jetpack_likes_enabled":true,"amp_enabled":true,"_links":{"self":[{"href":"https:\/\/encuentroinformativo.com.mx\/index.php?rest_route=\/wp\/v2\/posts\/53413","targetHints":{"allow":["GET"]}}],"collection":[{"href":"https:\/\/encuentroinformativo.com.mx\/index.php?rest_route=\/wp\/v2\/posts"}],"about":[{"href":"https:\/\/encuentroinformativo.com.mx\/index.php?rest_route=\/wp\/v2\/types\/post"}],"author":[{"embeddable":true,"href":"https:\/\/encuentroinformativo.com.mx\/index.php?rest_route=\/wp\/v2\/users\/2476"}],"replies":[{"embeddable":true,"href":"https:\/\/encuentroinformativo.com.mx\/index.php?rest_route=%2Fwp%2Fv2%2Fcomments&post=53413"}],"version-history":[{"count":1,"href":"https:\/\/encuentroinformativo.com.mx\/index.php?rest_route=\/wp\/v2\/posts\/53413\/revisions"}],"predecessor-version":[{"id":53415,"href":"https:\/\/encuentroinformativo.com.mx\/index.php?rest_route=\/wp\/v2\/posts\/53413\/revisions\/53415"}],"wp:featuredmedia":[{"embeddable":true,"href":"https:\/\/encuentroinformativo.com.mx\/index.php?rest_route=\/wp\/v2\/media\/53414"}],"wp:attachment":[{"href":"https:\/\/encuentroinformativo.com.mx\/index.php?rest_route=%2Fwp%2Fv2%2Fmedia&parent=53413"}],"wp:term":[{"taxonomy":"category","embeddable":true,"href":"https:\/\/encuentroinformativo.com.mx\/index.php?rest_route=%2Fwp%2Fv2%2Fcategories&post=53413"},{"taxonomy":"post_tag","embeddable":true,"href":"https:\/\/encuentroinformativo.com.mx\/index.php?rest_route=%2Fwp%2Fv2%2Ftags&post=53413"}],"curies":[{"name":"wp","href":"https:\/\/api.w.org\/{rel}","templated":true}]}}