{"id":53419,"date":"2024-04-19T12:33:42","date_gmt":"2024-04-19T18:33:42","guid":{"rendered":"https:\/\/encuentroinformativo.com.mx\/?p=53419"},"modified":"2024-04-19T12:33:47","modified_gmt":"2024-04-19T18:33:47","slug":"alistan-tercera-edicion-del-festival-del-esquite-en-veracruz-puerto","status":"publish","type":"post","link":"https:\/\/encuentroinformativo.com.mx\/?p=53419","title":{"rendered":"Alistan tercera edici\u00f3n del Festival del Esquite en Veracruz puerto"},"content":{"rendered":"\n<p><strong>Alejandro \u00c1vila<\/strong><\/p>\n\n\n\n<p>Veracruz, Ver.- &#8220;El Suavecito de los Teclados&#8221;, Mario Polo, ser\u00e1 el encargado de amenizar la tercera edici\u00f3n del Festival del Esquite que se realizar\u00e1 este s\u00e1bado 20 de abril a un costado de la macroplaza del malec\u00f3n de Veracruz.<\/p>\n\n\n\n<p>La cita es a partir de las 5 de la tarde en la calle Comodoro Azueta, a un costado del muelle de la T; donde adem\u00e1s se tiene previsto actividades para el entretenimiento de los ni\u00f1os y concursos para los adultos.<\/p>\n\n\n\n<p>Dicho evento se realiza como parte de las actividades de la Fundaci\u00f3n de la ciudad de Veracruz, la cual cumplir\u00e1 1 a\u00f1o m\u00e1s el pr\u00f3ximo lunes 22 de abril.<\/p>\n\n\n\n<p>&#8220;Tambi\u00e9n habr\u00e1 concursos como ya es costumbre en estos festivales, del elote m\u00e1s r\u00e1pido del puerto, el que se coma m\u00e1s r\u00e1pido el elote va a tener un premio (\u2026) impresionante c\u00f3mo desaparecen todos los granos del elote de la mazorca, y se pegan unas enchiladas pero se van felices. Aprovechando todo lo que tiene el puerto, s\u00e1bado 20 celebremos un aniversario m\u00e1s en esta ciudad, y obviamente divirtamos todos de manera sana en esta convivencia&#8221;, mencion\u00f3 Carlos Sosa, en compa\u00f1\u00eda de la alcaldesa, Patricia Lobeira, a trav\u00e9s de redes sociales.<\/p>\n","protected":false},"excerpt":{"rendered":"<p>Alejandro \u00c1vila Veracruz, Ver.- &#8220;El Suavecito de los Teclados&#8221;, Mario Polo, ser\u00e1 el encargado de amenizar la tercera edici\u00f3n del Festival del Esquite que se realizar\u00e1 este s\u00e1bado 20 de abril a un costado de la macroplaza del malec\u00f3n de Veracruz. La cita es a partir de las 5 de la tarde en la calle [&hellip;]<\/p>\n","protected":false},"author":2476,"featured_media":53420,"comment_status":"open","ping_status":"open","sticky":false,"template":"","format":"standard","meta":{"_jetpack_memberships_contains_paid_content":false,"footnotes":""},"categories":[2],"tags":[],"class_list":["post-53419","post","type-post","status-publish","format-standard","has-post-thumbnail","hentry","category-estado"],"jetpack_featured_media_url":"https:\/\/encuentroinformativo.com.mx\/wp-content\/uploads\/2024\/04\/IMG-20240419-WA0015.jpg","jetpack_sharing_enabled":true,"jetpack_likes_enabled":true,"amp_enabled":true,"_links":{"self":[{"href":"https:\/\/encuentroinformativo.com.mx\/index.php?rest_route=\/wp\/v2\/posts\/53419","targetHints":{"allow":["GET"]}}],"collection":[{"href":"https:\/\/encuentroinformativo.com.mx\/index.php?rest_route=\/wp\/v2\/posts"}],"about":[{"href":"https:\/\/encuentroinformativo.com.mx\/index.php?rest_route=\/wp\/v2\/types\/post"}],"author":[{"embeddable":true,"href":"https:\/\/encuentroinformativo.com.mx\/index.php?rest_route=\/wp\/v2\/users\/2476"}],"replies":[{"embeddable":true,"href":"https:\/\/encuentroinformativo.com.mx\/index.php?rest_route=%2Fwp%2Fv2%2Fcomments&post=53419"}],"version-history":[{"count":1,"href":"https:\/\/encuentroinformativo.com.mx\/index.php?rest_route=\/wp\/v2\/posts\/53419\/revisions"}],"predecessor-version":[{"id":53421,"href":"https:\/\/encuentroinformativo.com.mx\/index.php?rest_route=\/wp\/v2\/posts\/53419\/revisions\/53421"}],"wp:featuredmedia":[{"embeddable":true,"href":"https:\/\/encuentroinformativo.com.mx\/index.php?rest_route=\/wp\/v2\/media\/53420"}],"wp:attachment":[{"href":"https:\/\/encuentroinformativo.com.mx\/index.php?rest_route=%2Fwp%2Fv2%2Fmedia&parent=53419"}],"wp:term":[{"taxonomy":"category","embeddable":true,"href":"https:\/\/encuentroinformativo.com.mx\/index.php?rest_route=%2Fwp%2Fv2%2Fcategories&post=53419"},{"taxonomy":"post_tag","embeddable":true,"href":"https:\/\/encuentroinformativo.com.mx\/index.php?rest_route=%2Fwp%2Fv2%2Ftags&post=53419"}],"curies":[{"name":"wp","href":"https:\/\/api.w.org\/{rel}","templated":true}]}}