{"id":53422,"date":"2024-04-19T12:36:36","date_gmt":"2024-04-19T18:36:36","guid":{"rendered":"https:\/\/encuentroinformativo.com.mx\/?p=53422"},"modified":"2024-04-19T12:36:41","modified_gmt":"2024-04-19T18:36:41","slug":"pan-presentara-accion-de-inconstitucionalidad-ante-reformas-de-ley-de-amparo-y-amnistia","status":"publish","type":"post","link":"https:\/\/encuentroinformativo.com.mx\/?p=53422","title":{"rendered":"PAN presentar\u00e1 acci\u00f3n de inconstitucionalidad ante reformas de Ley de Amparo y Amnist\u00eda"},"content":{"rendered":"\n<p><strong>Alejandro \u00c1vila<\/strong><\/p>\n\n\n\n<p>Veracruz, Ver.- Julen Rementer\u00eda del Puerto, coordinador del Grupo Parlamentario del PAN en el Senado, inform\u00f3 que su partido presentar\u00e1 una acci\u00f3n de inconstitucionalidad ante la Suprema Corte de Justicia de la Naci\u00f3n (SCJN) por las reformas que se hicieron a la Ley de Amparo y Amnistia.<\/p>\n\n\n\n<p>\u201cNuevamente venimos a esta tribuna a solicitar una consideraci\u00f3n de normalidad, ni siquiera ya de legalidad, sino de normalidad. Son dos iniciativas presentadas al mismo d\u00eda, dos iniciativas que se dictaminan a la misma velocidad, y luego dos iniciativas que 14 d\u00edas despu\u00e9s se est\u00e1n aprobando. D\u00edganme si eso no es un abuso de las mayor\u00edas. Quiz\u00e1 no lo quieran reconocer, quiz\u00e1 no lo quieran aceptar, pero est\u00e1 claro que lo es, lo que est\u00e1 pasando es simplemente un atropello porque tienen m\u00e1s votos que los que tiene la oposici\u00f3n, pero, \u00bfsaben qu\u00e9?: Nos vemos en la Corte, ah\u00ed les vamos a ganar\u201d, inst\u00f3.<\/p>\n\n\n\n<p>Rementer\u00eda del Puerto, destac\u00f3 que las iniciativas presentadas por Morena y respaldadas por sus aliados las cuales brindar\u00edan la facultad de amnist\u00eda al presidente de la Rep\u00fablica y limitar\u00edan los efectos de la suspensi\u00f3n en el juicio de amparo, ponen en riesgo el orden institucional del pa\u00eds, y todo por el abuso de las mayor\u00edas.<\/p>\n\n\n\n<p>\u201cEstamos hablando de darle la posibilidad al presidente de perdonar a cualquier persona por cualquier delito de cualquier \u00e9poca de la vida, pero se van a arrepentir tarde que temprano de esto que est\u00e1n haciendo, abusando de facultades simplemente porque son una mayor\u00eda en una asamblea como esta de 128. Y ojo, lo que hoy hacen se les puede revertir, porque aqu\u00ed se sienten ya ganadores de las elecciones, y eso no es verdad. Se olvidan que hay millones de personas que ya no est\u00e1n con ustedes, precisamente por actos como estos\u201d refiri\u00f3.<\/p>\n\n\n\n<p>El panista afirm\u00f3 que el bloque de contenci\u00f3n del Senado de la Rep\u00fablica, presentar\u00e1 acciones de inconstitucionalidad, ante este nuevo abuso de Morena y sus aliados y as\u00ed mismo evitar que no limiten tus libertades y derechos de los mexicanos.<\/p>\n","protected":false},"excerpt":{"rendered":"<p>Alejandro \u00c1vila Veracruz, Ver.- Julen Rementer\u00eda del Puerto, coordinador del Grupo Parlamentario del PAN en el Senado, inform\u00f3 que su partido presentar\u00e1 una acci\u00f3n de inconstitucionalidad ante la Suprema Corte de Justicia de la Naci\u00f3n (SCJN) por las reformas que se hicieron a la Ley de Amparo y Amnistia. \u201cNuevamente venimos a esta tribuna a [&hellip;]<\/p>\n","protected":false},"author":2476,"featured_media":53423,"comment_status":"open","ping_status":"open","sticky":false,"template":"","format":"standard","meta":{"_jetpack_memberships_contains_paid_content":false,"footnotes":""},"categories":[12],"tags":[],"class_list":["post-53422","post","type-post","status-publish","format-standard","has-post-thumbnail","hentry","category-nacional"],"jetpack_featured_media_url":"https:\/\/encuentroinformativo.com.mx\/wp-content\/uploads\/2024\/04\/IMG-20240419-WA0021.jpg","jetpack_sharing_enabled":true,"jetpack_likes_enabled":true,"amp_enabled":true,"_links":{"self":[{"href":"https:\/\/encuentroinformativo.com.mx\/index.php?rest_route=\/wp\/v2\/posts\/53422","targetHints":{"allow":["GET"]}}],"collection":[{"href":"https:\/\/encuentroinformativo.com.mx\/index.php?rest_route=\/wp\/v2\/posts"}],"about":[{"href":"https:\/\/encuentroinformativo.com.mx\/index.php?rest_route=\/wp\/v2\/types\/post"}],"author":[{"embeddable":true,"href":"https:\/\/encuentroinformativo.com.mx\/index.php?rest_route=\/wp\/v2\/users\/2476"}],"replies":[{"embeddable":true,"href":"https:\/\/encuentroinformativo.com.mx\/index.php?rest_route=%2Fwp%2Fv2%2Fcomments&post=53422"}],"version-history":[{"count":1,"href":"https:\/\/encuentroinformativo.com.mx\/index.php?rest_route=\/wp\/v2\/posts\/53422\/revisions"}],"predecessor-version":[{"id":53424,"href":"https:\/\/encuentroinformativo.com.mx\/index.php?rest_route=\/wp\/v2\/posts\/53422\/revisions\/53424"}],"wp:featuredmedia":[{"embeddable":true,"href":"https:\/\/encuentroinformativo.com.mx\/index.php?rest_route=\/wp\/v2\/media\/53423"}],"wp:attachment":[{"href":"https:\/\/encuentroinformativo.com.mx\/index.php?rest_route=%2Fwp%2Fv2%2Fmedia&parent=53422"}],"wp:term":[{"taxonomy":"category","embeddable":true,"href":"https:\/\/encuentroinformativo.com.mx\/index.php?rest_route=%2Fwp%2Fv2%2Fcategories&post=53422"},{"taxonomy":"post_tag","embeddable":true,"href":"https:\/\/encuentroinformativo.com.mx\/index.php?rest_route=%2Fwp%2Fv2%2Ftags&post=53422"}],"curies":[{"name":"wp","href":"https:\/\/api.w.org\/{rel}","templated":true}]}}