{"id":53428,"date":"2024-04-19T12:43:35","date_gmt":"2024-04-19T18:43:35","guid":{"rendered":"https:\/\/encuentroinformativo.com.mx\/?p=53428"},"modified":"2024-04-19T12:43:40","modified_gmt":"2024-04-19T18:43:40","slug":"condena-amecope-agresion-a-periodistas-en-cordoba-por-equipo-de-la-candidata-nahle","status":"publish","type":"post","link":"https:\/\/encuentroinformativo.com.mx\/?p=53428","title":{"rendered":"Condena AMECOPE agresi\u00f3n a periodistas en C\u00f3rdoba por equipo de la candidata Nahle"},"content":{"rendered":"\n<p><strong>Alejandro \u00c1vila<\/strong><\/p>\n\n\n\n<p>Veracruz, Ver.- La Asociaci\u00f3n Mexicana de Comunicadores y Periodistas (AMECOPE), conden\u00f3 la agresi\u00f3n perpetrada la tarde de este jueves por parte de los escoltas de la candidata a la gubernatura, Roc\u00edo Nahle Garc\u00eda, en contra de los periodistas Roberto T\u00e9llez Galv\u00e1n y Daniela Garc\u00eda Guerrero.<\/p>\n\n\n\n<p>Previo al mitin que ten\u00eda previsto la candidata de la alianza &#8220;Sigamos Haciendo Historia&#8221; en la ciudad de C\u00f3rdoba, dentro del pasillo de vallas que se instalaron en el parque 21 de Mayo, personal de seguridad de la candidata evit\u00f3 que los periodistas realizaran de manera correcta su trabajo, adem\u00e1s, fueron violentados durante el ejercicio de su labor period\u00edstica.<\/p>\n\n\n\n<p><em>AMECOPE exige una investigaci\u00f3n exhaustiva sobre este incidente y solicita que se tomen las medidas necesarias para garantizar la seguridad y el respeto hacia los periodistas en el ejercicio de su labor informativa. La libertad de prensa es un pilar fundamental de la democracia y cualquier acto de violencia en su contra debe ser rechazado y sancionado en con todo el peso de la ley<\/em><\/p>\n\n\n\n<p>Esta no es la primera ocasi\u00f3n que tanto periodistas como ciudadanos denuncian el maltrato de los colaboradores de la candidata a la gubernatura por Morena, Roc\u00edo Nahle Garc\u00eda, a quienes han se\u00f1alado de ser agresivos cuando estos intentan acercarse a la ex secretaria de Energ\u00eda.<\/p>\n","protected":false},"excerpt":{"rendered":"<p>Alejandro \u00c1vila Veracruz, Ver.- La Asociaci\u00f3n Mexicana de Comunicadores y Periodistas (AMECOPE), conden\u00f3 la agresi\u00f3n perpetrada la tarde de este jueves por parte de los escoltas de la candidata a la gubernatura, Roc\u00edo Nahle Garc\u00eda, en contra de los periodistas Roberto T\u00e9llez Galv\u00e1n y Daniela Garc\u00eda Guerrero. Previo al mitin que ten\u00eda previsto la candidata [&hellip;]<\/p>\n","protected":false},"author":2476,"featured_media":53429,"comment_status":"open","ping_status":"open","sticky":false,"template":"","format":"standard","meta":{"_jetpack_memberships_contains_paid_content":false,"footnotes":""},"categories":[2],"tags":[],"class_list":["post-53428","post","type-post","status-publish","format-standard","has-post-thumbnail","hentry","category-estado"],"jetpack_featured_media_url":"https:\/\/encuentroinformativo.com.mx\/wp-content\/uploads\/2024\/04\/IMG-20240419-WA0014.jpg","jetpack_sharing_enabled":true,"jetpack_likes_enabled":true,"amp_enabled":true,"_links":{"self":[{"href":"https:\/\/encuentroinformativo.com.mx\/index.php?rest_route=\/wp\/v2\/posts\/53428","targetHints":{"allow":["GET"]}}],"collection":[{"href":"https:\/\/encuentroinformativo.com.mx\/index.php?rest_route=\/wp\/v2\/posts"}],"about":[{"href":"https:\/\/encuentroinformativo.com.mx\/index.php?rest_route=\/wp\/v2\/types\/post"}],"author":[{"embeddable":true,"href":"https:\/\/encuentroinformativo.com.mx\/index.php?rest_route=\/wp\/v2\/users\/2476"}],"replies":[{"embeddable":true,"href":"https:\/\/encuentroinformativo.com.mx\/index.php?rest_route=%2Fwp%2Fv2%2Fcomments&post=53428"}],"version-history":[{"count":1,"href":"https:\/\/encuentroinformativo.com.mx\/index.php?rest_route=\/wp\/v2\/posts\/53428\/revisions"}],"predecessor-version":[{"id":53430,"href":"https:\/\/encuentroinformativo.com.mx\/index.php?rest_route=\/wp\/v2\/posts\/53428\/revisions\/53430"}],"wp:featuredmedia":[{"embeddable":true,"href":"https:\/\/encuentroinformativo.com.mx\/index.php?rest_route=\/wp\/v2\/media\/53429"}],"wp:attachment":[{"href":"https:\/\/encuentroinformativo.com.mx\/index.php?rest_route=%2Fwp%2Fv2%2Fmedia&parent=53428"}],"wp:term":[{"taxonomy":"category","embeddable":true,"href":"https:\/\/encuentroinformativo.com.mx\/index.php?rest_route=%2Fwp%2Fv2%2Fcategories&post=53428"},{"taxonomy":"post_tag","embeddable":true,"href":"https:\/\/encuentroinformativo.com.mx\/index.php?rest_route=%2Fwp%2Fv2%2Ftags&post=53428"}],"curies":[{"name":"wp","href":"https:\/\/api.w.org\/{rel}","templated":true}]}}