{"id":53431,"date":"2024-04-19T13:55:19","date_gmt":"2024-04-19T19:55:19","guid":{"rendered":"https:\/\/encuentroinformativo.com.mx\/?p=53431"},"modified":"2024-04-19T13:55:24","modified_gmt":"2024-04-19T19:55:24","slug":"monse-enfrenta-violencia-vicaria-lucha-por-la-custodia-de-sus-hijos","status":"publish","type":"post","link":"https:\/\/encuentroinformativo.com.mx\/?p=53431","title":{"rendered":"Monse enfrenta violencia vicaria, lucha por la custodia de sus hijos"},"content":{"rendered":"\n<p><strong>Juan Arcos <\/strong><\/p>\n\n\n\n<p>Xalapa, Ver.- Montserrat Soria Zamora denuncia que su expareja Edgar \u201cN\u201d le impide ver a su hija Sofi, de 14 a\u00f1os. Mediante enga\u00f1os, la puso en su contra. Ahora lo que m\u00e1s le duele es que la peque\u00f1a crea que su madre ya no la ama, pues no es as\u00ed y ella lucha por recuperarla.<\/p>\n\n\n\n<p>La madre soltera es egresada de la licenciatura en Nutrici\u00f3n por la Universidad Veracruzana (UV) y en 2004 emprendi\u00f3 un negocio de mermeladas. Tres a\u00f1os despu\u00e9s conoci\u00f3 al padre de sus dos hijos. En poco tiempo, decidieron vivir juntos, pero inici\u00f3 la violencia psicol\u00f3gica.<\/p>\n\n\n\n<p>La mujer es joven y sufre violencia vicaria en el estado de Veracruz, un tipo de violencia de g\u00e9nero que se da cuando el padre usa a los hijos para causar un da\u00f1o a la madre.<\/p>\n\n\n\n<p>Monse cuenta la historia de c\u00f3mo su expareja le impide ver a su hija Sofi y le exige el pago de una pensi\u00f3n. A pesar de la violencia y el miedo que ha vivido, ella sigue luchando por sus hijos con la ayuda de una asociaci\u00f3n de apoyo a v\u00edctimas de violencia de g\u00e9nero.<\/p>\n\n\n\n<p>\u201cPero no es la pensi\u00f3n. Yo le puedo seguir apoyando econ\u00f3micamente a mi hija, pero quiere quitarme a mi hijo que tiene doce a\u00f1os y pues mi hijo s\u00ed no quiere convivir con \u00e9l. Y pues estamos en esa lucha porque todos los d\u00edas es mucha violencia\u201d, relat\u00f3.<\/p>\n\n\n\n<p>Ella es coordinadora de la asociaci\u00f3n civil \u201cMam\u00e1, hija e hijo en libertad\u201d y el pasado 15 de abril particip\u00f3 en la inauguraci\u00f3n del mural sobre violencia vicaria en el municipio de Coatepec. Su hijo, de 12 a\u00f1os, ayud\u00f3 a pintarlo.<\/p>\n\n\n\n<p>\u201cMi hijo pint\u00f3 este mural y dec\u00eda, ojal\u00e1 Sofi lo vea, ojal\u00e1 Sofi pueda estar con nosotros en alg\u00fan tiempo. Mi hijo la extra\u00f1a mucho, pero pues ella no nos puede ver y si nos autoriza el verla es solamente un tiempo limitado y pues es mucho estr\u00e9s, porque \u00e9l es una persona muy agresiva\u201d.<\/p>\n\n\n\n<p>Su expareja tambi\u00e9n se llev\u00f3 su negocio y sus hijos trabajan en \u00e9l. Montserrat busca sanar el coraz\u00f3n de su hija, quien ha sido influenciada por su padre para pensar que ella no la quiere.<\/p>\n\n\n\n<p>\u201c\u00c9l se llev\u00f3 mi empresa, se llev\u00f3 mis mermeladas, mi equipo, m\u00e1s de 200 mil pesos en equipo, me dej\u00f3 sin nada, pero como en la frase le pusimos: me dejaste sin nada, incluso me quitaste hasta el miedo, ya no le tengo miedo, o sea, ya no tengo miedo a golpes, ya no tengo miedo, ya ese miedo se quit\u00f3 hace mucho, hace un a\u00f1o aproximadamente que estoy en terapia y que los miedos ya no son parte de mi vida\u201d, extern\u00f3.<br>Monse sufri\u00f3 violencia psicol\u00f3gica, econ\u00f3mica y f\u00edsica por parte parte de Edgar \u201cN\u201d, incluyendo la manipulaci\u00f3n hacia sus hijos.<\/p>\n\n\n\n<p>Despu\u00e9s de a\u00f1os de abuso, logr\u00f3 separarse y obtener la custodia de sus peque\u00f1os a trav\u00e9s del Sistema para el Desarrollo Integral de la Familia (DIF) del ayuntamiento de Coatepec; sin embargo, la situaci\u00f3n se complic\u00f3 cuando su expareja intent\u00f3 quit\u00e1rsela.<\/p>\n\n\n\n<p>Adem\u00e1s, sufri\u00f3 la p\u00e9rdida de su madre y enfrent\u00f3 conflictos porque Edgar aprovech\u00f3 ese momento para quitarle a Sofi y persuadirla con comentarios negativos sobre su progenitora. Esto sucedi\u00f3 el 13 de mayo de 2022. Desde entonces, Sofi ya no quiere ver a su mam\u00e1, situaci\u00f3n que \u201crompe el coraz\u00f3n\u201d a Monserrat Soria.<\/p>\n\n\n\n<p>\u201cLos primeros mensajes de Sofi eran: mam\u00e1 quiero estar contigo, puedo estar contigo. Y te puedo decir que a la fecha, dos a\u00f1os despu\u00e9s, Sofi ya no quiere estar conmigo. Me dice: no, mi pap\u00e1 dice que eres mala, mi pap\u00e1 dice que t\u00fa no me quieres. Ahorita \u00e9l me volvi\u00f3 a demandar por una pensi\u00f3n por mi hija, quiere que le pague por mi hija. Le dijo al juez que yo gano mucho, que yo tengo la posibilidad de pagarle una pensi\u00f3n a mi hija. A mi hija la tiene trabajando\u201d, increp\u00f3.<\/p>\n\n\n\n<p>El caso de Monse es uno de los miles son documentados por parte de organizaciones feministas en el estado de Veracruz, donde es necesario que entre en vigor la Ley Vicaria, para sancionar a los padres que alejan a los hijos de sus madres.<\/p>\n\n\n\n<p>\u201cTal vez el miedo m\u00e1s grande que tengo es que mi hija crea que no la amo\u201d, afirm\u00f3 Monserrat Soria con un nudo en la garganta y al borde del llanto.<\/p>\n","protected":false},"excerpt":{"rendered":"<p>Juan Arcos Xalapa, Ver.- Montserrat Soria Zamora denuncia que su expareja Edgar \u201cN\u201d le impide ver a su hija Sofi, de 14 a\u00f1os. Mediante enga\u00f1os, la puso en su contra. Ahora lo que m\u00e1s le duele es que la peque\u00f1a crea que su madre ya no la ama, pues no es as\u00ed y ella lucha [&hellip;]<\/p>\n","protected":false},"author":2476,"featured_media":53432,"comment_status":"open","ping_status":"open","sticky":false,"template":"","format":"standard","meta":{"_jetpack_memberships_contains_paid_content":false,"footnotes":""},"categories":[3],"tags":[],"class_list":["post-53431","post","type-post","status-publish","format-standard","has-post-thumbnail","hentry","category-xalapa"],"jetpack_featured_media_url":"https:\/\/encuentroinformativo.com.mx\/wp-content\/uploads\/2024\/04\/IMG_3998.jpg","jetpack_sharing_enabled":true,"jetpack_likes_enabled":true,"amp_enabled":true,"_links":{"self":[{"href":"https:\/\/encuentroinformativo.com.mx\/index.php?rest_route=\/wp\/v2\/posts\/53431","targetHints":{"allow":["GET"]}}],"collection":[{"href":"https:\/\/encuentroinformativo.com.mx\/index.php?rest_route=\/wp\/v2\/posts"}],"about":[{"href":"https:\/\/encuentroinformativo.com.mx\/index.php?rest_route=\/wp\/v2\/types\/post"}],"author":[{"embeddable":true,"href":"https:\/\/encuentroinformativo.com.mx\/index.php?rest_route=\/wp\/v2\/users\/2476"}],"replies":[{"embeddable":true,"href":"https:\/\/encuentroinformativo.com.mx\/index.php?rest_route=%2Fwp%2Fv2%2Fcomments&post=53431"}],"version-history":[{"count":1,"href":"https:\/\/encuentroinformativo.com.mx\/index.php?rest_route=\/wp\/v2\/posts\/53431\/revisions"}],"predecessor-version":[{"id":53433,"href":"https:\/\/encuentroinformativo.com.mx\/index.php?rest_route=\/wp\/v2\/posts\/53431\/revisions\/53433"}],"wp:featuredmedia":[{"embeddable":true,"href":"https:\/\/encuentroinformativo.com.mx\/index.php?rest_route=\/wp\/v2\/media\/53432"}],"wp:attachment":[{"href":"https:\/\/encuentroinformativo.com.mx\/index.php?rest_route=%2Fwp%2Fv2%2Fmedia&parent=53431"}],"wp:term":[{"taxonomy":"category","embeddable":true,"href":"https:\/\/encuentroinformativo.com.mx\/index.php?rest_route=%2Fwp%2Fv2%2Fcategories&post=53431"},{"taxonomy":"post_tag","embeddable":true,"href":"https:\/\/encuentroinformativo.com.mx\/index.php?rest_route=%2Fwp%2Fv2%2Ftags&post=53431"}],"curies":[{"name":"wp","href":"https:\/\/api.w.org\/{rel}","templated":true}]}}