{"id":53445,"date":"2024-04-19T16:19:41","date_gmt":"2024-04-19T22:19:41","guid":{"rendered":"https:\/\/encuentroinformativo.com.mx\/?p=53445"},"modified":"2024-04-19T16:19:46","modified_gmt":"2024-04-19T22:19:46","slug":"proteger-negocios-de-la-inseguridad-compromiso-de-pepe-yunes","status":"publish","type":"post","link":"https:\/\/encuentroinformativo.com.mx\/?p=53445","title":{"rendered":"Proteger negocios de la inseguridad, compromiso de Pepe Yunes"},"content":{"rendered":"\n<p><strong>* Expone su propuesta ante hombres y mujeres de negocios de la capital del estado para recuperar el estado.<\/strong><\/p>\n\n\n\n<p>Xalapa, Ver.- El principal prop\u00f3sito del pr\u00f3ximo gobierno del estado en materia de seguridad ser\u00e1 proteger a las y los ciudadanos y su patrimonio, a los empresarios, los negocios y la industria, porque ninguna actividad econ\u00f3mica en Veracruz debe estar sujeta a la extorsi\u00f3n ni al pago de piso.<\/p>\n\n\n\n<p>En estos t\u00e9rminos, el candidato a gobernador Jos\u00e9 Francisco Yunes Zorrilla estableci\u00f3 un compromiso con las mujeres y los hombres de negocios y las familias veracruzanas al participar en el Foro Democr\u00e1tico 2024.<\/p>\n\n\n\n<p>Al lado de l\u00edderes e integrantes del Consejo Empresarial Metropolitano de Xalapa, Pepe Yunes dijo que para \u00e9l \u201ces un honor ser veracruzano y un enorme compromiso retomar el esfuerzo, el trabajo y la organizaci\u00f3n con todos ustedes para corregir el abandono en el que lamentablemente hoy se encuentra Veracruz\u201d.<\/p>\n\n\n\n<p>En ese sentido, expuso que una campa\u00f1a electoral consiste en contrastar ofertas y trayectorias y poner bajo la lupa colectiva qui\u00e9n es qui\u00e9n, qui\u00e9n dice la verdad, qui\u00e9n miente, qui\u00e9n es honesto y qui\u00e9n es corrupto, qui\u00e9n sabe a lo que se va a enfrentar y qui\u00e9n viene por moda.<\/p>\n\n\n\n<p>Centr\u00f3 su mensaje en lo fundamental de una propuesta: adem\u00e1s del qu\u00e9, se debe explicar c\u00f3mo, cu\u00e1nto, de d\u00f3nde saldr\u00e1 el dinero y c\u00f3mo se va a instrumentar \u201cporque las campa\u00f1as pol\u00edticas lamentablemente han degenerado a esa otra falsa ilusi\u00f3n\u201d.<\/p>\n\n\n\n<p>El candidato de la coalici\u00f3n Fuerza y Coraz\u00f3n por Veracruz manifest\u00f3 que el soporte de su propuesta es la suficiencia financiera. Previamente \u201chemos estudiado las finanzas p\u00fablicas del estado, sabemos d\u00f3nde pueden estar los recursos y c\u00f3mo podemos generar m\u00e1s\u201d.<\/p>\n\n\n\n<p>En el proyecto que encabeza, \u201caspiramos a posicionar un Gobierno de Verdad que tome control de la vida p\u00fablica de Veracruz, que la ordene y que todo el andamiaje y todo el conjunto institucional est\u00e9n al servicio de la gente\u201d.<\/p>\n\n\n\n<p>Pepe Yunes se\u00f1al\u00f3 las principales necesidades de la entidad: actividad econ\u00f3mica industrial, agua, energ\u00eda el\u00e9ctrica, gas e infraestructura. En lo social, mayor inclusi\u00f3n de todas las personas, menos desigualdad y pobreza. En seguridad, m\u00e1s polic\u00edas, mejores sueldos, mejor tecnolog\u00eda, trabajo de inteligencia, log\u00edstica por zona metropolitana.<\/p>\n\n\n\n<p>De acuerdo con el candidato, en M\u00e9xico y Veracruz hay solo dos opciones: la comodidad de ver c\u00f3mo el estado y el pa\u00eds se caen a pedazos gracias a las mentiras de Morena o salir a luchar y defender derechos y libertades y recuperar un gobierno que d\u00e9 respuestas y est\u00e9 al servicio de la gente.<\/p>\n\n\n\n<p>Pepe Yunes alz\u00f3 la voz en nombre de las y los veracruzanos: \u201c\u00a1Nunca m\u00e1s un programa de infraestructura que no est\u00e9 sancionado por las c\u00e1maras! \u00a1Nunca m\u00e1s una pol\u00edtica de desarrollo que no lleve el visto bueno de arquitectos o ingenieros!\u201d.<\/p>\n\n\n\n<p>Finaliz\u00f3 su mensaje asegurando con convicci\u00f3n que &#8220;esta elecci\u00f3n ya la remontamos, esta elecci\u00f3n ya la ganamos. Nos toca cuidarla, nos toca evitar que nos la arrebaten. \u00a1Nunca m\u00e1s un gobierno improvisado alejado de la gente!&#8221;<\/p>\n","protected":false},"excerpt":{"rendered":"<p>* Expone su propuesta ante hombres y mujeres de negocios de la capital del estado para recuperar el estado. Xalapa, Ver.- El principal prop\u00f3sito del pr\u00f3ximo gobierno del estado en materia de seguridad ser\u00e1 proteger a las y los ciudadanos y su patrimonio, a los empresarios, los negocios y la industria, porque ninguna actividad econ\u00f3mica [&hellip;]<\/p>\n","protected":false},"author":2476,"featured_media":53446,"comment_status":"open","ping_status":"open","sticky":false,"template":"","format":"standard","meta":{"_jetpack_memberships_contains_paid_content":false,"footnotes":""},"categories":[2],"tags":[],"class_list":["post-53445","post","type-post","status-publish","format-standard","has-post-thumbnail","hentry","category-estado"],"jetpack_featured_media_url":"https:\/\/encuentroinformativo.com.mx\/wp-content\/uploads\/2024\/04\/IMG-20240419-WA00412.jpg","jetpack_sharing_enabled":true,"jetpack_likes_enabled":true,"amp_enabled":true,"_links":{"self":[{"href":"https:\/\/encuentroinformativo.com.mx\/index.php?rest_route=\/wp\/v2\/posts\/53445","targetHints":{"allow":["GET"]}}],"collection":[{"href":"https:\/\/encuentroinformativo.com.mx\/index.php?rest_route=\/wp\/v2\/posts"}],"about":[{"href":"https:\/\/encuentroinformativo.com.mx\/index.php?rest_route=\/wp\/v2\/types\/post"}],"author":[{"embeddable":true,"href":"https:\/\/encuentroinformativo.com.mx\/index.php?rest_route=\/wp\/v2\/users\/2476"}],"replies":[{"embeddable":true,"href":"https:\/\/encuentroinformativo.com.mx\/index.php?rest_route=%2Fwp%2Fv2%2Fcomments&post=53445"}],"version-history":[{"count":1,"href":"https:\/\/encuentroinformativo.com.mx\/index.php?rest_route=\/wp\/v2\/posts\/53445\/revisions"}],"predecessor-version":[{"id":53447,"href":"https:\/\/encuentroinformativo.com.mx\/index.php?rest_route=\/wp\/v2\/posts\/53445\/revisions\/53447"}],"wp:featuredmedia":[{"embeddable":true,"href":"https:\/\/encuentroinformativo.com.mx\/index.php?rest_route=\/wp\/v2\/media\/53446"}],"wp:attachment":[{"href":"https:\/\/encuentroinformativo.com.mx\/index.php?rest_route=%2Fwp%2Fv2%2Fmedia&parent=53445"}],"wp:term":[{"taxonomy":"category","embeddable":true,"href":"https:\/\/encuentroinformativo.com.mx\/index.php?rest_route=%2Fwp%2Fv2%2Fcategories&post=53445"},{"taxonomy":"post_tag","embeddable":true,"href":"https:\/\/encuentroinformativo.com.mx\/index.php?rest_route=%2Fwp%2Fv2%2Ftags&post=53445"}],"curies":[{"name":"wp","href":"https:\/\/api.w.org\/{rel}","templated":true}]}}