{"id":53469,"date":"2024-04-21T09:36:05","date_gmt":"2024-04-21T15:36:05","guid":{"rendered":"https:\/\/encuentroinformativo.com.mx\/?p=53469"},"modified":"2024-04-21T09:36:11","modified_gmt":"2024-04-21T15:36:11","slug":"en-coma-sistema-de-salud-americo","status":"publish","type":"post","link":"https:\/\/encuentroinformativo.com.mx\/?p=53469","title":{"rendered":"En coma, sistema de salud: Am\u00e9rico"},"content":{"rendered":"\n<p>Xalapa, Ver.- El candidato a la diputaci\u00f3n federal por Xalapa, Am\u00e9rico Z\u00fa\u00f1iga Mart\u00ednez, se\u00f1al\u00f3 que el sistema de salud est\u00e1 en coma, &#8220;vamos por garantizar recursos que cubran tratamientos contra el c\u00e1ncer&#8221;.<\/p>\n\n\n\n<p>Al respecto, detall\u00f3 que el gobierno de Morena se gast\u00f3 157 mil millones de pesos del Fondo de Protecci\u00f3n Contra Gastos Catastr\u00f3ficos, &#8220;recursos que eran usados para atender casos de c\u00e1ncer, trastornos cong\u00e9nitos y trasplantes&#8221;.<\/p>\n\n\n\n<p>Por eso, indic\u00f3 el abanderado de la coalici\u00f3n Fuerza y Coraz\u00f3n por M\u00e9xico, el gobierno federal no atendi\u00f3 tratamientos contra el c\u00e1ncer infantil, de mama y c\u00e9rvico uterino.<\/p>\n\n\n\n<p>Zu\u00f1iga Mart\u00ednez agreg\u00f3 que en 2021 se cancelaron 7 mil 900 tratamientos a personas que padecen esas enfermedades y no cuentan con seguridad social.<\/p>\n\n\n\n<p>Asimismo, en el a\u00f1o 2022 el gobierno federal no pag\u00f3 ning\u00fan tratamiento.<\/p>\n\n\n\n<p>&#8220;A diciembre de 2023 el Fondo de Protecci\u00f3n s\u00f3lo ten\u00eda 45 mil millones de pesos de 119 mil millones de pesos que hab\u00eda en 2018&#8221;, detall\u00f3 el candidato.<\/p>\n\n\n\n<p>Am\u00e9rico Z\u00fa\u00f1iga critic\u00f3 el hecho de que Morena tom\u00f3 el 62% del dinero ahorrado y que se destinaba para atender los tratamientos de las personas m\u00e1s vulnerables.<\/p>\n\n\n\n<p>&#8220;En el Frente vamos por reestablecer el Fondo y garantizar recursos para atender a las personas m\u00e1s necesitadas&#8221;, indic\u00f3 el candidato a la diputaci\u00f3n federal por Xalapa.<\/p>\n\n\n\n<p><strong>RECORRIDO<\/strong><\/p>\n\n\n\n<p>Este s\u00e1bado, el candidato realiz\u00f3 varias actividades, entre estas, un intenso recorrido por las colonias Venustiano Carranza, Francisco I. Madero, Reforma, el Barrio del Dique, Plan de Ayala, Felipe Carrillo Puerto, entre otras.<\/p>\n\n\n\n<p>Durante la caminata, Z\u00fa\u00f1iga Mart\u00ednez escuch\u00f3 a los ciudadanos y tambi\u00e9n conocieron sus propuestas.<\/p>\n\n\n\n<p>Adem\u00e1s, sostuvo reuniones con vecinos de la zona de Agua Santa en la colonia Badillo y la zona Centro. En la congregaci\u00f3n de El Castillo, coron\u00f3 a la reina del Primer Carnaval, Marichuy I.<\/p>\n","protected":false},"excerpt":{"rendered":"<p>Xalapa, Ver.- El candidato a la diputaci\u00f3n federal por Xalapa, Am\u00e9rico Z\u00fa\u00f1iga Mart\u00ednez, se\u00f1al\u00f3 que el sistema de salud est\u00e1 en coma, &#8220;vamos por garantizar recursos que cubran tratamientos contra el c\u00e1ncer&#8221;. Al respecto, detall\u00f3 que el gobierno de Morena se gast\u00f3 157 mil millones de pesos del Fondo de Protecci\u00f3n Contra Gastos Catastr\u00f3ficos, &#8220;recursos [&hellip;]<\/p>\n","protected":false},"author":2476,"featured_media":53470,"comment_status":"open","ping_status":"open","sticky":false,"template":"","format":"standard","meta":{"_jetpack_memberships_contains_paid_content":false,"footnotes":""},"categories":[3],"tags":[],"class_list":["post-53469","post","type-post","status-publish","format-standard","has-post-thumbnail","hentry","category-xalapa"],"jetpack_featured_media_url":"https:\/\/encuentroinformativo.com.mx\/wp-content\/uploads\/2024\/04\/IMG-20240420-WA0127-scaled.jpg","jetpack_sharing_enabled":true,"jetpack_likes_enabled":true,"amp_enabled":true,"_links":{"self":[{"href":"https:\/\/encuentroinformativo.com.mx\/index.php?rest_route=\/wp\/v2\/posts\/53469","targetHints":{"allow":["GET"]}}],"collection":[{"href":"https:\/\/encuentroinformativo.com.mx\/index.php?rest_route=\/wp\/v2\/posts"}],"about":[{"href":"https:\/\/encuentroinformativo.com.mx\/index.php?rest_route=\/wp\/v2\/types\/post"}],"author":[{"embeddable":true,"href":"https:\/\/encuentroinformativo.com.mx\/index.php?rest_route=\/wp\/v2\/users\/2476"}],"replies":[{"embeddable":true,"href":"https:\/\/encuentroinformativo.com.mx\/index.php?rest_route=%2Fwp%2Fv2%2Fcomments&post=53469"}],"version-history":[{"count":1,"href":"https:\/\/encuentroinformativo.com.mx\/index.php?rest_route=\/wp\/v2\/posts\/53469\/revisions"}],"predecessor-version":[{"id":53471,"href":"https:\/\/encuentroinformativo.com.mx\/index.php?rest_route=\/wp\/v2\/posts\/53469\/revisions\/53471"}],"wp:featuredmedia":[{"embeddable":true,"href":"https:\/\/encuentroinformativo.com.mx\/index.php?rest_route=\/wp\/v2\/media\/53470"}],"wp:attachment":[{"href":"https:\/\/encuentroinformativo.com.mx\/index.php?rest_route=%2Fwp%2Fv2%2Fmedia&parent=53469"}],"wp:term":[{"taxonomy":"category","embeddable":true,"href":"https:\/\/encuentroinformativo.com.mx\/index.php?rest_route=%2Fwp%2Fv2%2Fcategories&post=53469"},{"taxonomy":"post_tag","embeddable":true,"href":"https:\/\/encuentroinformativo.com.mx\/index.php?rest_route=%2Fwp%2Fv2%2Ftags&post=53469"}],"curies":[{"name":"wp","href":"https:\/\/api.w.org\/{rel}","templated":true}]}}