{"id":53477,"date":"2024-04-21T16:31:37","date_gmt":"2024-04-21T22:31:37","guid":{"rendered":"https:\/\/encuentroinformativo.com.mx\/?p=53477"},"modified":"2024-04-21T16:31:43","modified_gmt":"2024-04-21T22:31:43","slug":"denuncian-muerte-de-animal-en-feria-de-banderilla","status":"publish","type":"post","link":"https:\/\/encuentroinformativo.com.mx\/?p=53477","title":{"rendered":"Denuncian muerte de animal en Feria de Banderilla"},"content":{"rendered":"\n<p><strong>Juan Arcos <\/strong><\/p>\n\n\n\n<p>Xalapa, Ver.- Animalistas denunciaron que en la Feria de Banderilla muri\u00f3 un animal de los que se utilizan como atractivos durante este evento.<\/p>\n\n\n\n<p>Los defensores de los animales ya hab\u00edan denunciado maltrato animal en la Feria de Banderilla, que es una de las m\u00e1s concurridas en la regi\u00f3n capital del estado de Veracruz.<\/p>\n\n\n\n<p>Los integrantes de la asociaci\u00f3n civil Rescate Animal Patitas Suaves amagaron con cerrar la feria por estos lamentables hechos ocurridos durante este fin de semana.<\/p>\n\n\n\n<p>\u201cDisculpen la hora pero me gustar\u00eda hacer difusi\u00f3n de este acto inhumano que paso en la Feria de Banderilla, d\u00f3nde muri\u00f3 un animalito a la vista de todos y las autoridades no dieron la cara para hacerse responsables. Dicho animalito muri\u00f3 a la vista de todos y el due\u00f1o, ni las autoridades responsables, dieron la cara para responder a dicho acto tan inhumano\u201d, coment\u00f3 una persona en un video difundido en redes sociales.<\/p>\n\n\n\n<p>Los activistas se\u00f1alaron que quedaron en evidencia las malas condiciones en las que se encuentran esos animales, pues algunos est\u00e1n lastimados y no hay la atenci\u00f3n necesaria para su cuidado.<\/p>\n\n\n\n<p>\u201cLes pido de favor que difundan este acto para as\u00ed llegar hasta las autoridades necesarias y den una respuesta ante este obvio caso de maltrato animal\u201d.<\/p>\n\n\n\n<p>Los animalistas convocaron a una protesta afuera del Teatro del Pueblo, donde se lleva a cabo la feria de Banderilla, del 15 al 21 de abril.<\/p>\n\n\n\n<p>Cabe recordar que en Veracruz est\u00e1 vigente la Ley de Protecci\u00f3n Animal donde se establecen sanciones contra quienes incurran en dicha pr\u00e1ctica.<\/p>\n","protected":false},"excerpt":{"rendered":"<p>Juan Arcos Xalapa, Ver.- Animalistas denunciaron que en la Feria de Banderilla muri\u00f3 un animal de los que se utilizan como atractivos durante este evento. Los defensores de los animales ya hab\u00edan denunciado maltrato animal en la Feria de Banderilla, que es una de las m\u00e1s concurridas en la regi\u00f3n capital del estado de Veracruz. [&hellip;]<\/p>\n","protected":false},"author":2476,"featured_media":53478,"comment_status":"open","ping_status":"open","sticky":false,"template":"","format":"standard","meta":{"_jetpack_memberships_contains_paid_content":false,"footnotes":""},"categories":[8],"tags":[],"class_list":["post-53477","post","type-post","status-publish","format-standard","has-post-thumbnail","hentry","category-region"],"jetpack_featured_media_url":"https:\/\/encuentroinformativo.com.mx\/wp-content\/uploads\/2024\/04\/IMG_4430.jpg","jetpack_sharing_enabled":true,"jetpack_likes_enabled":true,"amp_enabled":true,"_links":{"self":[{"href":"https:\/\/encuentroinformativo.com.mx\/index.php?rest_route=\/wp\/v2\/posts\/53477","targetHints":{"allow":["GET"]}}],"collection":[{"href":"https:\/\/encuentroinformativo.com.mx\/index.php?rest_route=\/wp\/v2\/posts"}],"about":[{"href":"https:\/\/encuentroinformativo.com.mx\/index.php?rest_route=\/wp\/v2\/types\/post"}],"author":[{"embeddable":true,"href":"https:\/\/encuentroinformativo.com.mx\/index.php?rest_route=\/wp\/v2\/users\/2476"}],"replies":[{"embeddable":true,"href":"https:\/\/encuentroinformativo.com.mx\/index.php?rest_route=%2Fwp%2Fv2%2Fcomments&post=53477"}],"version-history":[{"count":1,"href":"https:\/\/encuentroinformativo.com.mx\/index.php?rest_route=\/wp\/v2\/posts\/53477\/revisions"}],"predecessor-version":[{"id":53479,"href":"https:\/\/encuentroinformativo.com.mx\/index.php?rest_route=\/wp\/v2\/posts\/53477\/revisions\/53479"}],"wp:featuredmedia":[{"embeddable":true,"href":"https:\/\/encuentroinformativo.com.mx\/index.php?rest_route=\/wp\/v2\/media\/53478"}],"wp:attachment":[{"href":"https:\/\/encuentroinformativo.com.mx\/index.php?rest_route=%2Fwp%2Fv2%2Fmedia&parent=53477"}],"wp:term":[{"taxonomy":"category","embeddable":true,"href":"https:\/\/encuentroinformativo.com.mx\/index.php?rest_route=%2Fwp%2Fv2%2Fcategories&post=53477"},{"taxonomy":"post_tag","embeddable":true,"href":"https:\/\/encuentroinformativo.com.mx\/index.php?rest_route=%2Fwp%2Fv2%2Ftags&post=53477"}],"curies":[{"name":"wp","href":"https:\/\/api.w.org\/{rel}","templated":true}]}}