{"id":53480,"date":"2024-04-21T23:21:48","date_gmt":"2024-04-22T05:21:48","guid":{"rendered":"https:\/\/encuentroinformativo.com.mx\/?p=53480"},"modified":"2024-04-21T23:22:02","modified_gmt":"2024-04-22T05:22:02","slug":"americo-va-por-el-combate-a-la-diabetes","status":"publish","type":"post","link":"https:\/\/encuentroinformativo.com.mx\/?p=53480","title":{"rendered":"Am\u00e9rico va por el combate a la diabetes"},"content":{"rendered":"\n<p>Xalapa, Ver.- Vamos a declarar la guerra a la diabetes, habr\u00e1 medicinas suficientes y control m\u00e9dico para quien padezca esta enfermedad, manifest\u00f3 el candidato a la diputaci\u00f3n federal por Xalapa, Am\u00e9rico Z\u00fa\u00f1iga Mart\u00ednez.<\/p>\n\n\n\n<p>En ese sentido, coment\u00f3 que a nivel nacional Veracruz es el estado con la mayor mortalidad por diabetes: 127.4 defunciones por cada 100 mil habitantes.<\/p>\n\n\n\n<p>Tan solo en el a\u00f1o 2023 se registraron 47 mil nuevos casos, alert\u00f3 el candidato de la coalici\u00f3n Fuerza y Coraz\u00f3n por M\u00e9xico.<\/p>\n\n\n\n<p>Adem\u00e1s, manifest\u00f3 que en la entidad 49 por ciento de la poblaci\u00f3n no cuenta con acceso a servicios de salud.<\/p>\n\n\n\n<p>Por eso, destac\u00f3 que la propuesta del Frente es la de desarrollar un programa de combate a la diabetes.<\/p>\n\n\n\n<p>&#8220;Hay que prevenir la diabetes. Y a quienes desafortunadamente la padezcan, debemos garantizar atenci\u00f3n y medicinas para controlar la enfermedad&#8221;, se\u00f1al\u00f3.<\/p>\n\n\n\n<p>Am\u00e9rico Z\u00fa\u00f1iga Mart\u00ednez reiter\u00f3 que Veracruz enfrenta un reto cr\u00edtico: es el estado con la tasa m\u00e1s alta de mortalidad por diabetes en el pa\u00eds.<\/p>\n\n\n\n<p>&#8220;Con casi la mitad de nuestra poblaci\u00f3n sin acceso a servicios de salud, es urgente actuar&#8221;, refiri\u00f3 Z\u00fa\u00f1iga Mart\u00ednez.<\/p>\n\n\n\n<p>Por ello, expuso que el plan es claro: prevenir, atender y garantizar tratamiento para la diabetes. &#8220;\u00a1Es hora de cuidar la salud de Veracruz!&#8221;.<\/p>\n\n\n\n<p>CARNAVAL<\/p>\n\n\n\n<p>Este domingo, el candidato de la coalici\u00f3n Fuerza y Coraz\u00f3n por M\u00e9xico a la diputaci\u00f3n federal por Xalapa, acudi\u00f3 a la congregaci\u00f3n de El Castillo para presenciar el desfile de carros aleg\u00f3ricos con motivo de su Primer Carnaval.<\/p>\n\n\n\n<p>Es el inicio de una tradici\u00f3n, dijo Am\u00e9rico Z\u00fa\u00f1iga Mart\u00ednez y destac\u00f3 que lo m\u00e1s importante es el pueblo de El Castillo.<\/p>\n\n\n\n<p>Tambi\u00e9n acudi\u00f3 a un juego de beisbol en el campo de la congregaci\u00f3n.<\/p>\n\n\n\n<p>Adem\u00e1s, sostuvo reuniones con vecinos de las colonias Piedra Parada y La Troja. En su recorrido estuvo en Chiltoyac para escuchar a los pobladores de dicha congregaci\u00f3n.<\/p>\n","protected":false},"excerpt":{"rendered":"<p>Xalapa, Ver.- Vamos a declarar la guerra a la diabetes, habr\u00e1 medicinas suficientes y control m\u00e9dico para quien padezca esta enfermedad, manifest\u00f3 el candidato a la diputaci\u00f3n federal por Xalapa, Am\u00e9rico Z\u00fa\u00f1iga Mart\u00ednez. En ese sentido, coment\u00f3 que a nivel nacional Veracruz es el estado con la mayor mortalidad por diabetes: 127.4 defunciones por cada [&hellip;]<\/p>\n","protected":false},"author":2476,"featured_media":53481,"comment_status":"open","ping_status":"open","sticky":false,"template":"","format":"standard","meta":{"_jetpack_memberships_contains_paid_content":false,"footnotes":""},"categories":[9],"tags":[],"class_list":["post-53480","post","type-post","status-publish","format-standard","has-post-thumbnail","hentry","category-salud"],"jetpack_featured_media_url":"https:\/\/encuentroinformativo.com.mx\/wp-content\/uploads\/2024\/04\/IMG-20240421-WA00382-scaled.jpg","jetpack_sharing_enabled":true,"jetpack_likes_enabled":true,"amp_enabled":true,"_links":{"self":[{"href":"https:\/\/encuentroinformativo.com.mx\/index.php?rest_route=\/wp\/v2\/posts\/53480","targetHints":{"allow":["GET"]}}],"collection":[{"href":"https:\/\/encuentroinformativo.com.mx\/index.php?rest_route=\/wp\/v2\/posts"}],"about":[{"href":"https:\/\/encuentroinformativo.com.mx\/index.php?rest_route=\/wp\/v2\/types\/post"}],"author":[{"embeddable":true,"href":"https:\/\/encuentroinformativo.com.mx\/index.php?rest_route=\/wp\/v2\/users\/2476"}],"replies":[{"embeddable":true,"href":"https:\/\/encuentroinformativo.com.mx\/index.php?rest_route=%2Fwp%2Fv2%2Fcomments&post=53480"}],"version-history":[{"count":1,"href":"https:\/\/encuentroinformativo.com.mx\/index.php?rest_route=\/wp\/v2\/posts\/53480\/revisions"}],"predecessor-version":[{"id":53482,"href":"https:\/\/encuentroinformativo.com.mx\/index.php?rest_route=\/wp\/v2\/posts\/53480\/revisions\/53482"}],"wp:featuredmedia":[{"embeddable":true,"href":"https:\/\/encuentroinformativo.com.mx\/index.php?rest_route=\/wp\/v2\/media\/53481"}],"wp:attachment":[{"href":"https:\/\/encuentroinformativo.com.mx\/index.php?rest_route=%2Fwp%2Fv2%2Fmedia&parent=53480"}],"wp:term":[{"taxonomy":"category","embeddable":true,"href":"https:\/\/encuentroinformativo.com.mx\/index.php?rest_route=%2Fwp%2Fv2%2Fcategories&post=53480"},{"taxonomy":"post_tag","embeddable":true,"href":"https:\/\/encuentroinformativo.com.mx\/index.php?rest_route=%2Fwp%2Fv2%2Ftags&post=53480"}],"curies":[{"name":"wp","href":"https:\/\/api.w.org\/{rel}","templated":true}]}}