{"id":53489,"date":"2024-04-22T11:16:15","date_gmt":"2024-04-22T17:16:15","guid":{"rendered":"https:\/\/encuentroinformativo.com.mx\/?p=53489"},"modified":"2024-04-22T12:24:35","modified_gmt":"2024-04-22T18:24:35","slug":"memo-herrada-muestra-el-musculo-y-reune-a-liderazgos-de-medellin-de-bravo","status":"publish","type":"post","link":"https:\/\/encuentroinformativo.com.mx\/?p=53489","title":{"rendered":"Memo Herrada &#8220;muestra el m\u00fasculo&#8221; y re\u00fane a liderazgos de Medell\u00edn de Bravo"},"content":{"rendered":"\n<p><strong>Alejandro \u00c1vila<\/strong><\/p>\n\n\n\n<p>Medell\u00edn de Bravo, Ver.- En un desayuno en la localidad de Playa de Vacas, el empresario, Guillermo Herrada Jim\u00e9nez present\u00f3 a su estructura; liderazgos de las 212 localidades del municipio de Medell\u00edn de Bravo, a quienes pidi\u00f3 el apoyo para las propuestas de la alianza &#8220;Fuerza y Coraz\u00f3n por Veracruz&#8221;.<\/p>\n\n\n\n<p>Decenas de liderazgos de los fraccionamientos Puente Moreno, Lagos de Puente Moreno, Arboleda San Ram\u00f3n, Arboleda San Miguel y, localidades como: Los Robles, La Laguna, Ixcoalco, El Tejar, Infiernillo, Paso del Toro, Medell\u00edn cabecera, Potrerillo, Mozambique, La Esperanza, entre otros; se dieron cita para mostrarle su respaldo al empresario en su regreso al \u00e1mbito pol\u00edtico.<\/p>\n\n\n\n<p>&#8220;Hoy, es mostrarle a nuestros amigos que vamos a apoyar, lo que en realidad son las personas que van a caminar con nosotros, son las personas que van a enamorar a la gente y por supuesto, son las personas que van a hablar de estos proyectos que se avecinan para estas elecciones (\u2026) me da mucho gusto, me da mucha motivaci\u00f3n, pero sobre todo me enorgullece que toda esta gente que viene es de cada una de las localidades, de las 212 localidades que tiene nuestro municipio de Medell\u00edn y por supuesto fraccionamientos&#8221;, dijo en entrevista.<\/p>\n\n\n\n<p>La ma\u00f1ana de este domingo tuvo la visita del candida al Senado, Miguel \u00c1ngel Yunes M\u00e1rquez, y la pr\u00f3xima candidata a la diputaci\u00f3n local por el Distrito 16, Indira Rosales San Rom\u00e1n; al tomar el micr\u00f3fono, Guillermo Herrada les present\u00f3 su estructura, a quienes consider\u00f3 como su familia, y asest\u00f3 que trabajar\u00e1 tambi\u00e9n por el candidato a gobernador, Jos\u00e9 Francisco Yunes Zorrilla.<\/p>\n\n\n\n<p>El empresario Guillermo Herrada Jim\u00e9nez ha realizado diversas actividades a trav\u00e9s de su Asociaci\u00f3n Civil &#8220;Memo&#8221; el municipio de Medell\u00edn de Bravo, siendo las m\u00e1s destacadas los apoyos para medicamentos y operaciones gratuitas, adem\u00e1s de cursos y talleres para los emprendedores de la zona.<\/p>\n","protected":false},"excerpt":{"rendered":"<p>Alejandro \u00c1vila Medell\u00edn de Bravo, Ver.- En un desayuno en la localidad de Playa de Vacas, el empresario, Guillermo Herrada Jim\u00e9nez present\u00f3 a su estructura; liderazgos de las 212 localidades del municipio de Medell\u00edn de Bravo, a quienes pidi\u00f3 el apoyo para las propuestas de la alianza &#8220;Fuerza y Coraz\u00f3n por Veracruz&#8221;. Decenas de liderazgos [&hellip;]<\/p>\n","protected":false},"author":2476,"featured_media":53490,"comment_status":"open","ping_status":"open","sticky":false,"template":"","format":"standard","meta":{"_jetpack_memberships_contains_paid_content":false,"footnotes":""},"categories":[2],"tags":[],"class_list":["post-53489","post","type-post","status-publish","format-standard","has-post-thumbnail","hentry","category-estado"],"jetpack_featured_media_url":"https:\/\/encuentroinformativo.com.mx\/wp-content\/uploads\/2024\/04\/IMG-20240422-WA0013.jpg","jetpack_sharing_enabled":true,"jetpack_likes_enabled":true,"amp_enabled":true,"_links":{"self":[{"href":"https:\/\/encuentroinformativo.com.mx\/index.php?rest_route=\/wp\/v2\/posts\/53489","targetHints":{"allow":["GET"]}}],"collection":[{"href":"https:\/\/encuentroinformativo.com.mx\/index.php?rest_route=\/wp\/v2\/posts"}],"about":[{"href":"https:\/\/encuentroinformativo.com.mx\/index.php?rest_route=\/wp\/v2\/types\/post"}],"author":[{"embeddable":true,"href":"https:\/\/encuentroinformativo.com.mx\/index.php?rest_route=\/wp\/v2\/users\/2476"}],"replies":[{"embeddable":true,"href":"https:\/\/encuentroinformativo.com.mx\/index.php?rest_route=%2Fwp%2Fv2%2Fcomments&post=53489"}],"version-history":[{"count":2,"href":"https:\/\/encuentroinformativo.com.mx\/index.php?rest_route=\/wp\/v2\/posts\/53489\/revisions"}],"predecessor-version":[{"id":53504,"href":"https:\/\/encuentroinformativo.com.mx\/index.php?rest_route=\/wp\/v2\/posts\/53489\/revisions\/53504"}],"wp:featuredmedia":[{"embeddable":true,"href":"https:\/\/encuentroinformativo.com.mx\/index.php?rest_route=\/wp\/v2\/media\/53490"}],"wp:attachment":[{"href":"https:\/\/encuentroinformativo.com.mx\/index.php?rest_route=%2Fwp%2Fv2%2Fmedia&parent=53489"}],"wp:term":[{"taxonomy":"category","embeddable":true,"href":"https:\/\/encuentroinformativo.com.mx\/index.php?rest_route=%2Fwp%2Fv2%2Fcategories&post=53489"},{"taxonomy":"post_tag","embeddable":true,"href":"https:\/\/encuentroinformativo.com.mx\/index.php?rest_route=%2Fwp%2Fv2%2Ftags&post=53489"}],"curies":[{"name":"wp","href":"https:\/\/api.w.org\/{rel}","templated":true}]}}