{"id":53492,"date":"2024-04-22T11:20:56","date_gmt":"2024-04-22T17:20:56","guid":{"rendered":"https:\/\/encuentroinformativo.com.mx\/?p=53492"},"modified":"2024-04-22T11:21:02","modified_gmt":"2024-04-22T17:21:02","slug":"acusan-a-comision-de-busqueda-de-revictimizar-a-colectivos","status":"publish","type":"post","link":"https:\/\/encuentroinformativo.com.mx\/?p=53492","title":{"rendered":"Acusan a Comisi\u00f3n de B\u00fasqueda de revictimizar a Colectivos"},"content":{"rendered":"\n<p><strong>Dar\u00edo Pale <\/strong><\/p>\n\n\n\n<p>Xalapa, Ver.- Acusa que la Comisi\u00f3n Estatal de B\u00fasqueda (CEB) \u201cbloquea\u201d a ambos colectivos en difusi\u00f3n y en b\u00fasquedas, as\u00ed lo dio a conocer la representante de los colectivos \u201cUnidos por Amor a Nuestros Desaparecidos\u201d de Poza Rica y \u201cBuscando nos encontramos C\u00f3rdoba\u201d, Olga Lidia Salazar Hern\u00e1ndez.<\/p>\n\n\n\n<p>Entrevista previ\u00f3 a que pegaran las fichas de sus desaparecidos, dijo que esta dependencia sigue \u201crevictimizando\u201d a las familias de las personas desaparecidas y en el caso de estos colectivos, asegur\u00f3 que tienen dificultades para realizar difusi\u00f3n como la pega de fichas y lonas en municipios, ya que la Comisi\u00f3n no realiza de manera correcta la gesti\u00f3n a los ayuntamientos, por lo que no tienen la certeza de que este material permanecer\u00e1 por el per\u00edodo permitido.<\/p>\n\n\n\n<p>\u201cAyer domingo en los ayuntamientos no hab\u00eda personal, la Comisi\u00f3n sigue revictimiz\u00e1ndonos, no dan seguimiento a los casos, dejamos la pega de las fichas y lonas pegadas pero no tenemos la seguridad de que se vayan a respetar o que el mismo ayuntamiento las retire\u201d, coment\u00f3.<\/p>\n\n\n\n<p>Se\u00f1al\u00f3 que en su caso, realizar\u00e1 volanteo este lunes de su hija Marion Ivette Sampieri Salazar, quien se encuentra desaparecida desde el 14 de enero de 2011 en Poza Riza y en el cual tuvo que interponer un amparo para que se contin\u00fae con su b\u00fasqueda y con actividades de difusi\u00f3n, ya que la CEB se negaba a darle seguimiento.<\/p>\n\n\n\n<p>Y es que lament\u00f3 que el d\u00eda de ayer fue un fracaso la difusi\u00f3n, ya que en Veracruz el z\u00f3calo estaba cerrado y no hab\u00eda permiso en otro espacio, mientras que en Cardel hab\u00eda carnaval, lo cual impidi\u00f3 que se pudieran realizar correctamente las actividades.<\/p>\n\n\n\n<p>\u201cHoy es en Xalapa, hoy si podemos ir a los ayuntamientos a preguntar si se gestionaron los permisos y si ellos nos dan garant\u00eda que las fichas permanecer\u00e1n. Vamos a Xico, a Las Vigas y Coscomatepec\u201d, se\u00f1al\u00f3.<\/p>\n\n\n\n<p>Finalmente, record\u00f3 que han solicitado al gobernador que designe ya a un comisionado, pues actualmente se encuentra a cargo de la CEB Brenda Cer\u00f3n Chagoya, encargada de despacho, quien \u201cya est\u00e1 cansada de nosotros o nosotros de ella, pues no hace su trabajo como tal\u201d.<\/p>\n","protected":false},"excerpt":{"rendered":"<p>Dar\u00edo Pale Xalapa, Ver.- Acusa que la Comisi\u00f3n Estatal de B\u00fasqueda (CEB) \u201cbloquea\u201d a ambos colectivos en difusi\u00f3n y en b\u00fasquedas, as\u00ed lo dio a conocer la representante de los colectivos \u201cUnidos por Amor a Nuestros Desaparecidos\u201d de Poza Rica y \u201cBuscando nos encontramos C\u00f3rdoba\u201d, Olga Lidia Salazar Hern\u00e1ndez. Entrevista previ\u00f3 a que pegaran las [&hellip;]<\/p>\n","protected":false},"author":2476,"featured_media":53493,"comment_status":"open","ping_status":"open","sticky":false,"template":"","format":"standard","meta":{"_jetpack_memberships_contains_paid_content":false,"footnotes":""},"categories":[2],"tags":[],"class_list":["post-53492","post","type-post","status-publish","format-standard","has-post-thumbnail","hentry","category-estado"],"jetpack_featured_media_url":"https:\/\/encuentroinformativo.com.mx\/wp-content\/uploads\/2024\/04\/IMG-20240422-WA0016.jpg","jetpack_sharing_enabled":true,"jetpack_likes_enabled":true,"amp_enabled":true,"_links":{"self":[{"href":"https:\/\/encuentroinformativo.com.mx\/index.php?rest_route=\/wp\/v2\/posts\/53492","targetHints":{"allow":["GET"]}}],"collection":[{"href":"https:\/\/encuentroinformativo.com.mx\/index.php?rest_route=\/wp\/v2\/posts"}],"about":[{"href":"https:\/\/encuentroinformativo.com.mx\/index.php?rest_route=\/wp\/v2\/types\/post"}],"author":[{"embeddable":true,"href":"https:\/\/encuentroinformativo.com.mx\/index.php?rest_route=\/wp\/v2\/users\/2476"}],"replies":[{"embeddable":true,"href":"https:\/\/encuentroinformativo.com.mx\/index.php?rest_route=%2Fwp%2Fv2%2Fcomments&post=53492"}],"version-history":[{"count":1,"href":"https:\/\/encuentroinformativo.com.mx\/index.php?rest_route=\/wp\/v2\/posts\/53492\/revisions"}],"predecessor-version":[{"id":53494,"href":"https:\/\/encuentroinformativo.com.mx\/index.php?rest_route=\/wp\/v2\/posts\/53492\/revisions\/53494"}],"wp:featuredmedia":[{"embeddable":true,"href":"https:\/\/encuentroinformativo.com.mx\/index.php?rest_route=\/wp\/v2\/media\/53493"}],"wp:attachment":[{"href":"https:\/\/encuentroinformativo.com.mx\/index.php?rest_route=%2Fwp%2Fv2%2Fmedia&parent=53492"}],"wp:term":[{"taxonomy":"category","embeddable":true,"href":"https:\/\/encuentroinformativo.com.mx\/index.php?rest_route=%2Fwp%2Fv2%2Fcategories&post=53492"},{"taxonomy":"post_tag","embeddable":true,"href":"https:\/\/encuentroinformativo.com.mx\/index.php?rest_route=%2Fwp%2Fv2%2Ftags&post=53492"}],"curies":[{"name":"wp","href":"https:\/\/api.w.org\/{rel}","templated":true}]}}