{"id":53516,"date":"2024-04-22T14:52:59","date_gmt":"2024-04-22T20:52:59","guid":{"rendered":"https:\/\/encuentroinformativo.com.mx\/?p=53516"},"modified":"2024-04-22T14:53:05","modified_gmt":"2024-04-22T20:53:05","slug":"crisis-climatica-seguira-en-aumento-senalan-especialistas","status":"publish","type":"post","link":"https:\/\/encuentroinformativo.com.mx\/?p=53516","title":{"rendered":"Crisis clim\u00e1tica seguir\u00e1 en aumento, se\u00f1alan especialistas"},"content":{"rendered":"\n<p><strong>Dar\u00edo Pale <\/strong><\/p>\n\n\n\n<p>Xalapa, Ver.- Integrantes de &#8220;Rebeli\u00f3n Cient\u00edfica&#8221;, advierten crisis clim\u00e1tica que aumentar\u00e1 sufrimiento humano, ya que el planeta se encuentra en un momento cr\u00edtico de emergencia, pues los niveles actuales de calentamiento no tienen precedentes en al menos tres millones de a\u00f1os.<\/p>\n\n\n\n<p>En conferencia de prensa la organizaci\u00f3n de investigadores y activistas recalcaron que las manifestaciones m\u00e1s evidentes de la crisis clim\u00e1tica en M\u00e9xico y el mundo son las sequ\u00edas, las altas temperaturas, las inundaciones y ciclones que forzan el desplazamiento de la poblaci\u00f3n.<\/p>\n\n\n\n<p>Los especialistas indicaron que lo que ha originado, mantenido y acrecentado la crisis clim\u00e1tica es el sistema econ\u00f3mico actual, por lo que resaltaron que el capitalismo no soluciona ni satisface las necesidades humanas elementales.<\/p>\n\n\n\n<p>A su vez, hicieron hincapi\u00e9 en la crisis h\u00eddrica que queja al pa\u00eds, la cual afirmaron, es resultado de la desigualdad en la distribuci\u00f3n del agua y el estr\u00e9s generado por la crisis clim\u00e1tica.<\/p>\n\n\n\n<p>Reiteraron que la humanidad atraviesa un momento de emergencia planetaria, por lo que &#8220;de no hacer cambios la escala de sufrimiento humano que est\u00e1 por llegar no tendr\u00e1 precedentes hist\u00f3ricos&#8221;.<\/p>\n","protected":false},"excerpt":{"rendered":"<p>Dar\u00edo Pale Xalapa, Ver.- Integrantes de &#8220;Rebeli\u00f3n Cient\u00edfica&#8221;, advierten crisis clim\u00e1tica que aumentar\u00e1 sufrimiento humano, ya que el planeta se encuentra en un momento cr\u00edtico de emergencia, pues los niveles actuales de calentamiento no tienen precedentes en al menos tres millones de a\u00f1os. En conferencia de prensa la organizaci\u00f3n de investigadores y activistas recalcaron que [&hellip;]<\/p>\n","protected":false},"author":2476,"featured_media":53515,"comment_status":"open","ping_status":"open","sticky":false,"template":"","format":"standard","meta":{"_jetpack_memberships_contains_paid_content":false,"footnotes":""},"categories":[3],"tags":[],"class_list":["post-53516","post","type-post","status-publish","format-standard","has-post-thumbnail","hentry","category-xalapa"],"jetpack_featured_media_url":"https:\/\/encuentroinformativo.com.mx\/wp-content\/uploads\/2024\/04\/IMG-20240422-WA0059.jpg","jetpack_sharing_enabled":true,"jetpack_likes_enabled":true,"amp_enabled":true,"_links":{"self":[{"href":"https:\/\/encuentroinformativo.com.mx\/index.php?rest_route=\/wp\/v2\/posts\/53516","targetHints":{"allow":["GET"]}}],"collection":[{"href":"https:\/\/encuentroinformativo.com.mx\/index.php?rest_route=\/wp\/v2\/posts"}],"about":[{"href":"https:\/\/encuentroinformativo.com.mx\/index.php?rest_route=\/wp\/v2\/types\/post"}],"author":[{"embeddable":true,"href":"https:\/\/encuentroinformativo.com.mx\/index.php?rest_route=\/wp\/v2\/users\/2476"}],"replies":[{"embeddable":true,"href":"https:\/\/encuentroinformativo.com.mx\/index.php?rest_route=%2Fwp%2Fv2%2Fcomments&post=53516"}],"version-history":[{"count":1,"href":"https:\/\/encuentroinformativo.com.mx\/index.php?rest_route=\/wp\/v2\/posts\/53516\/revisions"}],"predecessor-version":[{"id":53517,"href":"https:\/\/encuentroinformativo.com.mx\/index.php?rest_route=\/wp\/v2\/posts\/53516\/revisions\/53517"}],"wp:featuredmedia":[{"embeddable":true,"href":"https:\/\/encuentroinformativo.com.mx\/index.php?rest_route=\/wp\/v2\/media\/53515"}],"wp:attachment":[{"href":"https:\/\/encuentroinformativo.com.mx\/index.php?rest_route=%2Fwp%2Fv2%2Fmedia&parent=53516"}],"wp:term":[{"taxonomy":"category","embeddable":true,"href":"https:\/\/encuentroinformativo.com.mx\/index.php?rest_route=%2Fwp%2Fv2%2Fcategories&post=53516"},{"taxonomy":"post_tag","embeddable":true,"href":"https:\/\/encuentroinformativo.com.mx\/index.php?rest_route=%2Fwp%2Fv2%2Ftags&post=53516"}],"curies":[{"name":"wp","href":"https:\/\/api.w.org\/{rel}","templated":true}]}}