{"id":53521,"date":"2024-04-22T15:02:27","date_gmt":"2024-04-22T21:02:27","guid":{"rendered":"https:\/\/encuentroinformativo.com.mx\/?p=53521"},"modified":"2024-04-22T15:02:33","modified_gmt":"2024-04-22T21:02:33","slug":"dia-del-policia-veracruzano-es-conmemorado-en-solemne-ceremonia-y-con-reconocimientos","status":"publish","type":"post","link":"https:\/\/encuentroinformativo.com.mx\/?p=53521","title":{"rendered":"D\u00eda del Polic\u00eda Veracruzano es conmemorado en solemne ceremonia y con reconocimientos"},"content":{"rendered":"\n<p><strong><em>*Gobierno rinde honores al oficial Aurelio Monfort, defensor del puerto de Veracruz en 1914<\/em>.<\/strong><\/p>\n\n\n\n<p>Xalapa, Ver.- La construcci\u00f3n de la paz a trav\u00e9s de la justicia y la seguridad ciudadana es uno de los principales compromisos la administraci\u00f3n estatal, alineada a las pol\u00edticas p\u00fablicas del Gobierno de M\u00e9xico, que ha combatido a los grupos delictivos y reducido los altos \u00edndices de violencia e impunidad.<\/p>\n\n\n\n<p>En conmemoraci\u00f3n del D\u00eda del Polic\u00eda Veracruzano, las autoridades reiteraron el reconocimiento a elementos operativos de la Secretar\u00eda de Seguridad P\u00fablica, quienes diariamente recorren las calles con vocaci\u00f3n y respeto a los principios de la instituci\u00f3n.<\/p>\n\n\n\n<p>Ese patriotismo y actitud de servicio han permitido disminuir de manera significativa los delitos de alto impacto: el homicidio doloso en 51% y el secuestro en 90, adem\u00e1s del robo en diferentes modalidades por otra significativa proporci\u00f3n.<\/p>\n\n\n\n<p>En el Centro de Estudios e Investigaci\u00f3n en Seguridad fue colocada una ofrenda floral para honrar al oficial Aurelio Monfort Villase\u00f1or, primero en frenar con disparos la invasi\u00f3n norteamericana el 21 de abril de 1914 hasta morir por la patria, dando ejemplo del valor de una persona detr\u00e1s del uniforme policial.<\/p>\n\n\n\n<p>Como \u00e9l, otros elementos han ofrendado su vida y puesto en riesgo su integridad en aras de preservar el orden y la tranquilidad de la sociedad; en este sentido, recibieron menci\u00f3n Miguel \u00c1ngel Solano Espinosa, polic\u00eda del a\u00f1o; Arturo Pe\u00f1a Solava, m\u00e9rito policial; Aleks Rahi M\u00e1rquez Salazar, valor heroico; Cynthia Cantarell Retureta y Nayeli Cambambia \u00c1vila, m\u00e9rito deportivo.<\/p>\n\n\n\n<p>En perseverancia fueron distinguidos Felipe Lara Hern\u00e1ndez, Mario Carrera Castillo, Aura Santos L\u00f3pez y Jos\u00e9 Maurilio Gonz\u00e1lez Guti\u00e9rrez por 40, 35, 30 y 25 a\u00f1os de servicio, respectivamente; adem\u00e1s de 15 brigadistas de Fuerza Civil que participaron en combate a incendios forestales.<\/p>\n","protected":false},"excerpt":{"rendered":"<p>*Gobierno rinde honores al oficial Aurelio Monfort, defensor del puerto de Veracruz en 1914. Xalapa, Ver.- La construcci\u00f3n de la paz a trav\u00e9s de la justicia y la seguridad ciudadana es uno de los principales compromisos la administraci\u00f3n estatal, alineada a las pol\u00edticas p\u00fablicas del Gobierno de M\u00e9xico, que ha combatido a los grupos delictivos [&hellip;]<\/p>\n","protected":false},"author":2476,"featured_media":53522,"comment_status":"open","ping_status":"open","sticky":false,"template":"","format":"standard","meta":{"_jetpack_memberships_contains_paid_content":false,"footnotes":""},"categories":[2],"tags":[],"class_list":["post-53521","post","type-post","status-publish","format-standard","has-post-thumbnail","hentry","category-estado"],"jetpack_featured_media_url":"https:\/\/encuentroinformativo.com.mx\/wp-content\/uploads\/2024\/04\/IMG-20240422-WA01012-scaled.jpg","jetpack_sharing_enabled":true,"jetpack_likes_enabled":true,"amp_enabled":true,"_links":{"self":[{"href":"https:\/\/encuentroinformativo.com.mx\/index.php?rest_route=\/wp\/v2\/posts\/53521","targetHints":{"allow":["GET"]}}],"collection":[{"href":"https:\/\/encuentroinformativo.com.mx\/index.php?rest_route=\/wp\/v2\/posts"}],"about":[{"href":"https:\/\/encuentroinformativo.com.mx\/index.php?rest_route=\/wp\/v2\/types\/post"}],"author":[{"embeddable":true,"href":"https:\/\/encuentroinformativo.com.mx\/index.php?rest_route=\/wp\/v2\/users\/2476"}],"replies":[{"embeddable":true,"href":"https:\/\/encuentroinformativo.com.mx\/index.php?rest_route=%2Fwp%2Fv2%2Fcomments&post=53521"}],"version-history":[{"count":1,"href":"https:\/\/encuentroinformativo.com.mx\/index.php?rest_route=\/wp\/v2\/posts\/53521\/revisions"}],"predecessor-version":[{"id":53523,"href":"https:\/\/encuentroinformativo.com.mx\/index.php?rest_route=\/wp\/v2\/posts\/53521\/revisions\/53523"}],"wp:featuredmedia":[{"embeddable":true,"href":"https:\/\/encuentroinformativo.com.mx\/index.php?rest_route=\/wp\/v2\/media\/53522"}],"wp:attachment":[{"href":"https:\/\/encuentroinformativo.com.mx\/index.php?rest_route=%2Fwp%2Fv2%2Fmedia&parent=53521"}],"wp:term":[{"taxonomy":"category","embeddable":true,"href":"https:\/\/encuentroinformativo.com.mx\/index.php?rest_route=%2Fwp%2Fv2%2Fcategories&post=53521"},{"taxonomy":"post_tag","embeddable":true,"href":"https:\/\/encuentroinformativo.com.mx\/index.php?rest_route=%2Fwp%2Fv2%2Ftags&post=53521"}],"curies":[{"name":"wp","href":"https:\/\/api.w.org\/{rel}","templated":true}]}}