{"id":53539,"date":"2024-04-23T11:19:09","date_gmt":"2024-04-23T17:19:09","guid":{"rendered":"https:\/\/encuentroinformativo.com.mx\/?p=53539"},"modified":"2024-04-23T11:19:16","modified_gmt":"2024-04-23T17:19:16","slug":"piden-a-candidatos-informar-propuestas-en-materia-turistica","status":"publish","type":"post","link":"https:\/\/encuentroinformativo.com.mx\/?p=53539","title":{"rendered":"Piden a candidatos informar propuestas en materia tur\u00edstica"},"content":{"rendered":"\n<p><strong>Alejandro \u00c1vila<\/strong><\/p>\n\n\n\n<p>Veracruz, Ver.- Ninguno de los 3 aspirantes a la gubernatura de Veracruz ha puntualizado cu\u00e1les son los proyectos reales que se tiene para el plan de trabajo en materia tur\u00edstica, lament\u00f3 el presidente del Consejo Metropolitano de Turismo, Sergio Lois Heredia.<\/p>\n\n\n\n<p>El empresario se\u00f1al\u00f3 que hist\u00f3ricamente poca atenci\u00f3n se le ha dado al turismo, a pesar de la importancia que tiene en el desarrollo econ\u00f3mico de la entidad veracruzana, prueba de ello, han sido los bajos presupuestos que se le dan a la Secretar\u00eda de Turismo de Veracruz.<\/p>\n\n\n\n<p>&#8220;La verdad es que no hemos visto un plan bien desarrollado de lo que se va a realizar en turismo, no dudo que lo tengan, nos gustar\u00eda conocerlo, hubo reuniones con ellos en precampa\u00f1as como para escucharnos, para ver qu\u00e9 estaba pasando, nos escucharon, que peticiones ten\u00edan, platicamos con ellos, pero fue lo \u00fanico en realidad. A m\u00ed me da la impresi\u00f3n de que no hay mucho conocimiento del tema, a m\u00ed me da la impresi\u00f3n de que no se le est\u00e1 dando la importancia que se deber\u00eda darle, por los candidatos en general no por uno en especifico&#8221;, expres\u00f3.<\/p>\n\n\n\n<p>Sergio Lois dijo que espera no suceda lo mismo que en administraciones estatales anteriores, donde no se le da continuidad a los trabajos y se borra de tajo lo que ya se ha avanzado.<\/p>\n\n\n\n<p>&#8220;Ojal\u00e1 que s\u00ed se le pueda dar continuidad, que se escuche la voz de los empresarios. Ser\u00eda bueno tambi\u00e9n que se pudiese, a ver, es normal que haya una curva de aprendizaje en cualquier administraci\u00f3n, pero que no se tenga una curva de aprendizaje tan prolongada como pas\u00f3 la realidad en este gobierno, en el tema turismo en espec\u00edfico la curva de aprendizaje dur\u00f3 casi 3 a\u00f1os, y 3 a\u00f1os en una actividad econ\u00f3mica donde est\u00e1s compitiendo con otros estados que no est\u00e1n pasando esas curvas de aprendizaje, que tiene mayores presupuestos, pues s\u00ed te pega directamente en lo que es la afluencia tur\u00edstica y en los porcentajes de ocupaci\u00f3n, por consiguiente la derrama econ\u00f3mica&#8221;, culmin\u00f3.<\/p>\n","protected":false},"excerpt":{"rendered":"<p>Alejandro \u00c1vila Veracruz, Ver.- Ninguno de los 3 aspirantes a la gubernatura de Veracruz ha puntualizado cu\u00e1les son los proyectos reales que se tiene para el plan de trabajo en materia tur\u00edstica, lament\u00f3 el presidente del Consejo Metropolitano de Turismo, Sergio Lois Heredia. El empresario se\u00f1al\u00f3 que hist\u00f3ricamente poca atenci\u00f3n se le ha dado al [&hellip;]<\/p>\n","protected":false},"author":2476,"featured_media":53540,"comment_status":"open","ping_status":"open","sticky":false,"template":"","format":"standard","meta":{"_jetpack_memberships_contains_paid_content":false,"footnotes":""},"categories":[2],"tags":[],"class_list":["post-53539","post","type-post","status-publish","format-standard","has-post-thumbnail","hentry","category-estado"],"jetpack_featured_media_url":"https:\/\/encuentroinformativo.com.mx\/wp-content\/uploads\/2024\/04\/IMG-20240423-WA0033.jpg","jetpack_sharing_enabled":true,"jetpack_likes_enabled":true,"amp_enabled":true,"_links":{"self":[{"href":"https:\/\/encuentroinformativo.com.mx\/index.php?rest_route=\/wp\/v2\/posts\/53539","targetHints":{"allow":["GET"]}}],"collection":[{"href":"https:\/\/encuentroinformativo.com.mx\/index.php?rest_route=\/wp\/v2\/posts"}],"about":[{"href":"https:\/\/encuentroinformativo.com.mx\/index.php?rest_route=\/wp\/v2\/types\/post"}],"author":[{"embeddable":true,"href":"https:\/\/encuentroinformativo.com.mx\/index.php?rest_route=\/wp\/v2\/users\/2476"}],"replies":[{"embeddable":true,"href":"https:\/\/encuentroinformativo.com.mx\/index.php?rest_route=%2Fwp%2Fv2%2Fcomments&post=53539"}],"version-history":[{"count":1,"href":"https:\/\/encuentroinformativo.com.mx\/index.php?rest_route=\/wp\/v2\/posts\/53539\/revisions"}],"predecessor-version":[{"id":53541,"href":"https:\/\/encuentroinformativo.com.mx\/index.php?rest_route=\/wp\/v2\/posts\/53539\/revisions\/53541"}],"wp:featuredmedia":[{"embeddable":true,"href":"https:\/\/encuentroinformativo.com.mx\/index.php?rest_route=\/wp\/v2\/media\/53540"}],"wp:attachment":[{"href":"https:\/\/encuentroinformativo.com.mx\/index.php?rest_route=%2Fwp%2Fv2%2Fmedia&parent=53539"}],"wp:term":[{"taxonomy":"category","embeddable":true,"href":"https:\/\/encuentroinformativo.com.mx\/index.php?rest_route=%2Fwp%2Fv2%2Fcategories&post=53539"},{"taxonomy":"post_tag","embeddable":true,"href":"https:\/\/encuentroinformativo.com.mx\/index.php?rest_route=%2Fwp%2Fv2%2Ftags&post=53539"}],"curies":[{"name":"wp","href":"https:\/\/api.w.org\/{rel}","templated":true}]}}