{"id":53545,"date":"2024-04-23T11:26:14","date_gmt":"2024-04-23T17:26:14","guid":{"rendered":"https:\/\/encuentroinformativo.com.mx\/?p=53545"},"modified":"2024-04-23T11:26:19","modified_gmt":"2024-04-23T17:26:19","slug":"neumologo-y-neurologo-solo-trabajan-fin-de-semana-en-torre-pediatrica","status":"publish","type":"post","link":"https:\/\/encuentroinformativo.com.mx\/?p=53545","title":{"rendered":"Neum\u00f3logo y neur\u00f3logo solo trabajan fin de semana en Torre Pedi\u00e1trica"},"content":{"rendered":"\n<p><strong>Alejandro \u00c1vila<\/strong><\/p>\n\n\n\n<p>Veracruz, Ver.- Finalmente y tras varias semanas de lucha, los pacientes del \u00e1rea oncol\u00f3gica de la Torre Pedi\u00e1trica de Veracruz cuentan con especialistas para la atenci\u00f3n espec\u00edfica de ciertos tratamientos, inform\u00f3 la vocera de las madres de ni\u00f1os con c\u00e1ncer, Cora de Jes\u00fas Rodr\u00edguez.<\/p>\n\n\n\n<p>La madre de familia coment\u00f3 que ya cuentan con un neum\u00f3logo y un neur\u00f3logo, los cuales trabajan \u00fanicamente en fin de semana, debido a que no son personal de planta o basificado.<\/p>\n\n\n\n<p>&#8220;Ya, ya tenemos especialistas, ha sido una lucha muy dif\u00edcil, hemos logrado tener el neum\u00f3logo que tanto quer\u00edamos, ya tenemos. Tenemos ya el neur\u00f3logo, obviamente hemos logrado, ha costado mucho trabajo, ha sido un avance muy dif\u00edcil pero s\u00ed hemos logrado obtener lo que hemos pedido y al final del d\u00eda es un beneficio para la salud de nuestros ni\u00f1os (\u2026) son de fines de semana nada m\u00e1s, pero bueno, de algo a que no tengamos nada, pues yo creo que ya vamos en un avance muy importante, aqu\u00ed lo m\u00e1s importante es que m\u00e1s adelante puedan firmar lo que es bases, plantas, porque es muy importante para un m\u00e9dico hacerlo (\u2026) no, est\u00e1n bajo contrato, y me imagino que ya m\u00e1s adelante les estar\u00e1n ofreciendo alguna planta&#8221;, coment\u00f3.<\/p>\n\n\n\n<p>En otro tema, solicit\u00f3 el apoyo de la ciudadan\u00eda para lograr el primer &#8220;Onco Circo&#8221;, evento que se realizar\u00e1 el pr\u00f3ximo 30 de abril y donde entregar\u00e1n juguetes a todos los ni\u00f1os qu\u00e9 se encuentran en la Torre Pedi\u00e1trica de Veracruz.<\/p>\n\n\n\n<p>Para ello har\u00e1n una colecta de juguetes del 25 al 29 de abril en los bajos del Hospital Infantil, de las 9 de la ma\u00f1ana a 3 de la tarde; y por ello invita a los veracruzanos a realizar su donativo de juguetes.<\/p>\n","protected":false},"excerpt":{"rendered":"<p>Alejandro \u00c1vila Veracruz, Ver.- Finalmente y tras varias semanas de lucha, los pacientes del \u00e1rea oncol\u00f3gica de la Torre Pedi\u00e1trica de Veracruz cuentan con especialistas para la atenci\u00f3n espec\u00edfica de ciertos tratamientos, inform\u00f3 la vocera de las madres de ni\u00f1os con c\u00e1ncer, Cora de Jes\u00fas Rodr\u00edguez. La madre de familia coment\u00f3 que ya cuentan con [&hellip;]<\/p>\n","protected":false},"author":2476,"featured_media":53546,"comment_status":"open","ping_status":"open","sticky":false,"template":"","format":"standard","meta":{"_jetpack_memberships_contains_paid_content":false,"footnotes":""},"categories":[9],"tags":[],"class_list":["post-53545","post","type-post","status-publish","format-standard","has-post-thumbnail","hentry","category-salud"],"jetpack_featured_media_url":"https:\/\/encuentroinformativo.com.mx\/wp-content\/uploads\/2024\/04\/IMG-20240423-WA00382.jpg","jetpack_sharing_enabled":true,"jetpack_likes_enabled":true,"amp_enabled":true,"_links":{"self":[{"href":"https:\/\/encuentroinformativo.com.mx\/index.php?rest_route=\/wp\/v2\/posts\/53545","targetHints":{"allow":["GET"]}}],"collection":[{"href":"https:\/\/encuentroinformativo.com.mx\/index.php?rest_route=\/wp\/v2\/posts"}],"about":[{"href":"https:\/\/encuentroinformativo.com.mx\/index.php?rest_route=\/wp\/v2\/types\/post"}],"author":[{"embeddable":true,"href":"https:\/\/encuentroinformativo.com.mx\/index.php?rest_route=\/wp\/v2\/users\/2476"}],"replies":[{"embeddable":true,"href":"https:\/\/encuentroinformativo.com.mx\/index.php?rest_route=%2Fwp%2Fv2%2Fcomments&post=53545"}],"version-history":[{"count":1,"href":"https:\/\/encuentroinformativo.com.mx\/index.php?rest_route=\/wp\/v2\/posts\/53545\/revisions"}],"predecessor-version":[{"id":53547,"href":"https:\/\/encuentroinformativo.com.mx\/index.php?rest_route=\/wp\/v2\/posts\/53545\/revisions\/53547"}],"wp:featuredmedia":[{"embeddable":true,"href":"https:\/\/encuentroinformativo.com.mx\/index.php?rest_route=\/wp\/v2\/media\/53546"}],"wp:attachment":[{"href":"https:\/\/encuentroinformativo.com.mx\/index.php?rest_route=%2Fwp%2Fv2%2Fmedia&parent=53545"}],"wp:term":[{"taxonomy":"category","embeddable":true,"href":"https:\/\/encuentroinformativo.com.mx\/index.php?rest_route=%2Fwp%2Fv2%2Fcategories&post=53545"},{"taxonomy":"post_tag","embeddable":true,"href":"https:\/\/encuentroinformativo.com.mx\/index.php?rest_route=%2Fwp%2Fv2%2Ftags&post=53545"}],"curies":[{"name":"wp","href":"https:\/\/api.w.org\/{rel}","templated":true}]}}