{"id":53548,"date":"2024-04-23T12:24:47","date_gmt":"2024-04-23T18:24:47","guid":{"rendered":"https:\/\/encuentroinformativo.com.mx\/?p=53548"},"modified":"2024-04-23T12:24:51","modified_gmt":"2024-04-23T18:24:51","slug":"en-feria-del-libro-rinden-homenaje-a-chava-blues","status":"publish","type":"post","link":"https:\/\/encuentroinformativo.com.mx\/?p=53548","title":{"rendered":"En feria del libro, rinden homenaje a &#8220;Chava Blues&#8221;"},"content":{"rendered":"\n<p><strong>Juan Arcos <\/strong><\/p>\n\n\n\n<p>Xalapa, Ver.- El m\u00fasico urbano Salvador Ram\u00edrez Valdivia, popularmente conocido como \u201cChava Blues\u201d en la ciudad de Xalapa, fue homenajeado durante la XVIII edici\u00f3n de la Feria Xalape\u00f1a del Libro.<\/p>\n\n\n\n<p>En el parque Benito Ju\u00e1rez de la capital veracruzana, sobre el escenario, se coloc\u00f3 una pintura donde se observa a \u201cChava Blues\u201d con su guitarra el\u00e9ctrica y su tradicional chamarra de piel.<\/p>\n\n\n\n<p>En un peque\u00f1o altar, colocado sobre la tarima, tambi\u00e9n se encendi\u00f3 una vela y le pusieron flores al artista que ambient\u00f3 el primer cuadro de la ciudad con su m\u00fasica.<\/p>\n\n\n\n<p>Se le ve\u00eda principalmente afuera de los bancos, sobre la calle Juan de la Luz Enr\u00edquez, a una cuadra de Palacio de Gobierno.<\/p>\n\n\n\n<p>Chava fue atropellado el pasado 5 de enero cuando intentaba cruzar la avenida Manuel \u00c1vila Camacho, esquina Acayucan, y fue trasladado al Hospital Regional \u201cDoctor Luis F. Nach\u00f3n\u201d, donde muri\u00f3 por la gravedad de las lesiones.<\/p>\n\n\n\n<p>\u00c9l es recordado afuera de una instituci\u00f3n bancaria, donde la gente apreciaba su m\u00fasica. A un lado siempre ten\u00eda su amplificador y el estuche de su guitarra tendido en el piso para que los transe\u00fantes le dieran una cooperaci\u00f3n econ\u00f3mica por ambientar con m\u00fasica su camino.<\/p>\n\n\n\n<p>El m\u00fasico muri\u00f3 a la edad de 72 a\u00f1os. Hab\u00eda sobrevivido a una cirug\u00eda de alto riesgo hace varios a\u00f1os. En aquel entonces, su familia rif\u00f3 su guitarra y la gente apoy\u00f3 al m\u00fasico con gran entusiasmo, por lo que en 2020 ofreci\u00f3 un concierto de agradecimiento desde su balc\u00f3n.<\/p>\n\n\n\n<p>En la Feria Xalape\u00f1a del Libro 2024, \u201cChava Blues band\u201d dedic\u00f3 unas canciones en memoria de Salvador Ram\u00edrez Valdivia, un icono de la m\u00fasica urbana en la capital del estado de Veracruz.<\/p>\n\n\n\n<p>H\u00e9ctor Leonel Reyes, integrante del comit\u00e9 organizador de la feria del libro, indic\u00f3 que Chava Blues form\u00f3 parte de la riqueza cultural urbana xalape\u00f1a y por ello decidieron homenajearlo con un breve concierto donde participaron familiares y amigos.<\/p>\n","protected":false},"excerpt":{"rendered":"<p>Juan Arcos Xalapa, Ver.- El m\u00fasico urbano Salvador Ram\u00edrez Valdivia, popularmente conocido como \u201cChava Blues\u201d en la ciudad de Xalapa, fue homenajeado durante la XVIII edici\u00f3n de la Feria Xalape\u00f1a del Libro. En el parque Benito Ju\u00e1rez de la capital veracruzana, sobre el escenario, se coloc\u00f3 una pintura donde se observa a \u201cChava Blues\u201d con [&hellip;]<\/p>\n","protected":false},"author":2476,"featured_media":53549,"comment_status":"open","ping_status":"open","sticky":false,"template":"","format":"standard","meta":{"_jetpack_memberships_contains_paid_content":false,"footnotes":""},"categories":[3],"tags":[],"class_list":["post-53548","post","type-post","status-publish","format-standard","has-post-thumbnail","hentry","category-xalapa"],"jetpack_featured_media_url":"https:\/\/encuentroinformativo.com.mx\/wp-content\/uploads\/2024\/04\/070ded8f-aca2-4b89-a588-25bc9ff1173b.jpg","jetpack_sharing_enabled":true,"jetpack_likes_enabled":true,"amp_enabled":true,"_links":{"self":[{"href":"https:\/\/encuentroinformativo.com.mx\/index.php?rest_route=\/wp\/v2\/posts\/53548","targetHints":{"allow":["GET"]}}],"collection":[{"href":"https:\/\/encuentroinformativo.com.mx\/index.php?rest_route=\/wp\/v2\/posts"}],"about":[{"href":"https:\/\/encuentroinformativo.com.mx\/index.php?rest_route=\/wp\/v2\/types\/post"}],"author":[{"embeddable":true,"href":"https:\/\/encuentroinformativo.com.mx\/index.php?rest_route=\/wp\/v2\/users\/2476"}],"replies":[{"embeddable":true,"href":"https:\/\/encuentroinformativo.com.mx\/index.php?rest_route=%2Fwp%2Fv2%2Fcomments&post=53548"}],"version-history":[{"count":1,"href":"https:\/\/encuentroinformativo.com.mx\/index.php?rest_route=\/wp\/v2\/posts\/53548\/revisions"}],"predecessor-version":[{"id":53550,"href":"https:\/\/encuentroinformativo.com.mx\/index.php?rest_route=\/wp\/v2\/posts\/53548\/revisions\/53550"}],"wp:featuredmedia":[{"embeddable":true,"href":"https:\/\/encuentroinformativo.com.mx\/index.php?rest_route=\/wp\/v2\/media\/53549"}],"wp:attachment":[{"href":"https:\/\/encuentroinformativo.com.mx\/index.php?rest_route=%2Fwp%2Fv2%2Fmedia&parent=53548"}],"wp:term":[{"taxonomy":"category","embeddable":true,"href":"https:\/\/encuentroinformativo.com.mx\/index.php?rest_route=%2Fwp%2Fv2%2Fcategories&post=53548"},{"taxonomy":"post_tag","embeddable":true,"href":"https:\/\/encuentroinformativo.com.mx\/index.php?rest_route=%2Fwp%2Fv2%2Ftags&post=53548"}],"curies":[{"name":"wp","href":"https:\/\/api.w.org\/{rel}","templated":true}]}}