{"id":53560,"date":"2024-04-23T15:12:15","date_gmt":"2024-04-23T21:12:15","guid":{"rendered":"https:\/\/encuentroinformativo.com.mx\/?p=53560"},"modified":"2024-04-23T15:12:20","modified_gmt":"2024-04-23T21:12:20","slug":"celebran-dia-internacional-del-libro","status":"publish","type":"post","link":"https:\/\/encuentroinformativo.com.mx\/?p=53560","title":{"rendered":"Celebran d\u00eda internacional del libro"},"content":{"rendered":"\n<p><strong>Juan Arcos <\/strong><\/p>\n\n\n\n<p>Xalapa, Ver.- En el D\u00eda Internacional del Libro, que se conmemora este 23 de abril, los libreros independientes de Xalapa indicaron que la ciudad es un importante punto de tr\u00e1nsito para personas de varios estados y destacaron su perfil cultural excepcional en Veracruz.<\/p>\n\n\n\n<p>De acuerdo con H\u00e9ctor Leonel Reyes, integrante del comit\u00e9 organizador de la Feria Xalape\u00f1a del Libro, se conmemora el D\u00eda del Libro con la llegada del escritor Juan Villoro para realizar diversas actividades en la capital del estado.<\/p>\n\n\n\n<p>\u201cLa ciudad de Xalapa es un punto del tr\u00e1nsito, no solo de xalape\u00f1os, xalape\u00f1as y de la regi\u00f3n inmediata, sino tambi\u00e9n de otros estados. Ha venido gente de Puebla, de Colima, de Canc\u00fan, de la Ciudad de M\u00e9xico, del Estado de M\u00e9xico. Y ese punto es valioso porque descubren que la ciudad tiene, ya lo saben ellos, un perfil cultural excepcional en el estado de Veracruz\u201d.<\/p>\n\n\n\n<p>El entrevistado indic\u00f3 que Juan Villoro llegar\u00e1 a la feria en el parque Benito Ju\u00e1rez de la ciudad a las cinco de la tarde del mi\u00e9rcoles 24 de abril para inaugurar un conversatorio.<\/p>\n\n\n\n<p>Indic\u00f3 que la XVIII Feria Xalape\u00f1a del Libro es un importante evento que permite contribuir en la promoci\u00f3n de la lectura en la regi\u00f3n capital.<\/p>\n\n\n\n<p>\u201cEl primer prop\u00f3sito es que estamos aqu\u00ed, que estamos festejando el D\u00eda del Libro, precisamente hoy, el 23 de abril, el D\u00eda Internacional del Libro y el 8 de octubre. De hecho, es la fecha emblem\u00e1tica y simb\u00f3lica por la cual ahorita en todo el mundo se hacen actos como ferias de libro, lecturas, en fin, en t\u00e9rminos generales va bien, mejorar\u00e1 seguramente y sobre todo, m\u00e1s que nada, es que estamos con el \u00e1nimo festivo porque viene el maestro Juan Villoro a desarrollar varias actividades en la ciudad de Xalapa\u201d, a\u00f1adi\u00f3 H\u00e9ctor Leonel.<\/p>\n\n\n\n<p>Juan Villoro Ruiz es un escritor y periodista mexicano. Gan\u00f3 el Premio Herralde en 2004 por su novela \u201cEl testigo\u201d y estar\u00e1 dos d\u00edas consecutivos en la Feria Xalape\u00f1a del Libro.<\/p>\n\n\n\n<p>La charla inaugural programada para las 17:00 horas del mi\u00e9rcoles 24 de abril en el parque Ju\u00e1rez ser\u00e1 sobre las ferias del libro y los libros en M\u00e9xico.<\/p>\n\n\n\n<p>La Feria Xalape\u00f1a del Libro se realiza del 18 al 29 de abril, en un horario de diez de la ma\u00f1ana a nueve de la noche.<\/p>\n","protected":false},"excerpt":{"rendered":"<p>Juan Arcos Xalapa, Ver.- En el D\u00eda Internacional del Libro, que se conmemora este 23 de abril, los libreros independientes de Xalapa indicaron que la ciudad es un importante punto de tr\u00e1nsito para personas de varios estados y destacaron su perfil cultural excepcional en Veracruz. De acuerdo con H\u00e9ctor Leonel Reyes, integrante del comit\u00e9 organizador [&hellip;]<\/p>\n","protected":false},"author":2476,"featured_media":53561,"comment_status":"open","ping_status":"open","sticky":false,"template":"","format":"standard","meta":{"_jetpack_memberships_contains_paid_content":false,"footnotes":""},"categories":[3],"tags":[],"class_list":["post-53560","post","type-post","status-publish","format-standard","has-post-thumbnail","hentry","category-xalapa"],"jetpack_featured_media_url":"https:\/\/encuentroinformativo.com.mx\/wp-content\/uploads\/2024\/04\/IMG_4617.jpg","jetpack_sharing_enabled":true,"jetpack_likes_enabled":true,"amp_enabled":true,"_links":{"self":[{"href":"https:\/\/encuentroinformativo.com.mx\/index.php?rest_route=\/wp\/v2\/posts\/53560","targetHints":{"allow":["GET"]}}],"collection":[{"href":"https:\/\/encuentroinformativo.com.mx\/index.php?rest_route=\/wp\/v2\/posts"}],"about":[{"href":"https:\/\/encuentroinformativo.com.mx\/index.php?rest_route=\/wp\/v2\/types\/post"}],"author":[{"embeddable":true,"href":"https:\/\/encuentroinformativo.com.mx\/index.php?rest_route=\/wp\/v2\/users\/2476"}],"replies":[{"embeddable":true,"href":"https:\/\/encuentroinformativo.com.mx\/index.php?rest_route=%2Fwp%2Fv2%2Fcomments&post=53560"}],"version-history":[{"count":1,"href":"https:\/\/encuentroinformativo.com.mx\/index.php?rest_route=\/wp\/v2\/posts\/53560\/revisions"}],"predecessor-version":[{"id":53562,"href":"https:\/\/encuentroinformativo.com.mx\/index.php?rest_route=\/wp\/v2\/posts\/53560\/revisions\/53562"}],"wp:featuredmedia":[{"embeddable":true,"href":"https:\/\/encuentroinformativo.com.mx\/index.php?rest_route=\/wp\/v2\/media\/53561"}],"wp:attachment":[{"href":"https:\/\/encuentroinformativo.com.mx\/index.php?rest_route=%2Fwp%2Fv2%2Fmedia&parent=53560"}],"wp:term":[{"taxonomy":"category","embeddable":true,"href":"https:\/\/encuentroinformativo.com.mx\/index.php?rest_route=%2Fwp%2Fv2%2Fcategories&post=53560"},{"taxonomy":"post_tag","embeddable":true,"href":"https:\/\/encuentroinformativo.com.mx\/index.php?rest_route=%2Fwp%2Fv2%2Ftags&post=53560"}],"curies":[{"name":"wp","href":"https:\/\/api.w.org\/{rel}","templated":true}]}}