{"id":53566,"date":"2024-04-23T15:29:03","date_gmt":"2024-04-23T21:29:03","guid":{"rendered":"https:\/\/encuentroinformativo.com.mx\/?p=53566"},"modified":"2024-04-23T15:29:10","modified_gmt":"2024-04-23T21:29:10","slug":"espera-ine-respuesta-de-candidatos-al-senado-para-participar-en-debates","status":"publish","type":"post","link":"https:\/\/encuentroinformativo.com.mx\/?p=53566","title":{"rendered":"Espera INE respuesta de candidatos al Senado para participar en debates"},"content":{"rendered":"\n<p><strong>Dar\u00edo Pale <\/strong><\/p>\n\n\n\n<p>Xalapa, Ver.- El vocal ejecutivo de la Junta Local del INE en Veracruz, Josu\u00e9 Cervantes Mart\u00ednez dio a conocer que la Junta Local en Veracruz, sigue a la espera de que los candidatos al Senado en Veracruz confirmen si acudir\u00edan a debatir sus propuestas de campa\u00f1a.<\/p>\n\n\n\n<p>En entrevista el funcionario electoral explic\u00f3 que se hizo una primera propuesta, que se someti\u00f3 en reuniones de trabajo a las representaciones de los partidos pol\u00edticos, donde se acord\u00f3 enviar la invitaci\u00f3n a los candidatos.\u00a0<\/p>\n\n\n\n<p>\u201cY en este momento estoy a la espera de que las representaciones de los partidos pol\u00edticos me resuelvan o determinen si contin\u00faan con la intenci\u00f3n de que se haga este debate y, en su caso, el formato para hacerlo&#8221;, se\u00f1al\u00f3.<\/p>\n\n\n\n<p>\u201cUno de los pendientes que est\u00e1n revisando es si debaten solo primeras f\u00f3rmulas o si puede haber una combinaci\u00f3n atendiendo a la estrategia de cada partido pol\u00edtico. Si alguien tiene inter\u00e9s en que vaya la primera f\u00f3rmula y alguien en la segunda, as\u00ed lo pudieran plantear\u201d, agreg\u00f3.<\/p>\n\n\n\n<p>Plante\u00f3 que la fecha l\u00edmite para organizar un debate de los candidatos al Senado ser\u00eda el 29 de mayo, d\u00eda en la que concluyen las campa\u00f1as federales y locales e inicia la veda o periodo de silencio, previo a la jornada electoral del 2 de junio.<\/p>\n\n\n\n<p>En ese sentido, explic\u00f3 que si bien no hay fecha exacta, pues todo depende de la confirmaci\u00f3n de los candidatos, se les plante\u00f3 que, por cuestiones de organizaci\u00f3n y log\u00edstica, lo ideal ser\u00eda que el debate se d\u00e9 en la primera quincena de mayo.\u00a0<\/p>\n\n\n\n<p>\u201cYo le ped\u00ed a los partidos pol\u00edticos que de preferencia el debate se hiciera a m\u00e1s tardar a mediados de mayo. No s\u00e9, quiz\u00e1 entre el 15, el 20 aproximadamente, para darme un margen de unos 10 o 15 d\u00edas para todos los preparativos\u201d, explic\u00f3.<\/p>\n\n\n\n<p>A pregunta expresa si exist\u00edan plazos fatales para la organizaci\u00f3n del debate, plante\u00f3 que la exposici\u00f3n de ideas podr\u00eda realizarse hasta el 29 de mayo, \u201cun debate es parte de una campa\u00f1a, de tal manera que todav\u00eda podr\u00eda realizarse\u201d.<\/p>\n\n\n\n<p>Explic\u00f3 que ellos requieren de organizar el formato, incluso, definir a los potenciales moderadores, y escoger el espacio d\u00f3nde se dar\u00eda la exposici\u00f3n de ideas.<\/p>\n\n\n\n<p>\u201cDe entrada (implica) definir la tem\u00e1tica, la escaleta, cu\u00e1les ser\u00edan las rondas de intervenciones, si habr\u00eda o no algunas preguntas de por medio, o simplemente la tem\u00e1tica, y bueno, preparar lo que es el foro.<\/p>\n\n\n\n<p>\u201cAvisarles a las instancias centrales del INE para ver si se promueve (\u2026) para saber si alguien, alguna radiodifusora, alguna televisora est\u00e1 interesada en replicarlo. En fin, todos esos preparativos pues s\u00ed demandan alg\u00fan espacio de tiempo\u201d, dijo.<\/p>\n\n\n\n<p>En esta ocasi\u00f3n se registraron al Senado por la coalici\u00f3n Fuerza y Coraz\u00f3n por M\u00e9xico: Miguel Angel Yunes M\u00e1rquez, en primera formula y Sara Ladr\u00f3n de Guevara, en segunda f\u00f3rmula, ambos abanderados por PAN, PRI y PRD.<\/p>\n\n\n\n<p>Por la alianza: Sigamos Haciendo Historia se inscribieron ante el INE: Claudia Tello \u00a0en primera formula, y Manuel Huerta Ladr\u00f3n de Guevara por segunda f\u00f3rmula, impulsados por los partidos Morena, PT y Verde Ecologista.\u00a0<\/p>\n\n\n\n<p>Por \u00faltimo cabe se\u00f1alar que los candidatos de Movimiento Ciudadano son Dante Alfonso Delgado y Ang\u00e9lica S\u00e1nchez, en primera y segunda f\u00f3rmula, respectivamente.<\/p>\n","protected":false},"excerpt":{"rendered":"<p>Dar\u00edo Pale Xalapa, Ver.- El vocal ejecutivo de la Junta Local del INE en Veracruz, Josu\u00e9 Cervantes Mart\u00ednez dio a conocer que la Junta Local en Veracruz, sigue a la espera de que los candidatos al Senado en Veracruz confirmen si acudir\u00edan a debatir sus propuestas de campa\u00f1a. En entrevista el funcionario electoral explic\u00f3 que [&hellip;]<\/p>\n","protected":false},"author":2476,"featured_media":53567,"comment_status":"open","ping_status":"open","sticky":false,"template":"","format":"standard","meta":{"_jetpack_memberships_contains_paid_content":false,"footnotes":""},"categories":[2],"tags":[],"class_list":["post-53566","post","type-post","status-publish","format-standard","has-post-thumbnail","hentry","category-estado"],"jetpack_featured_media_url":"https:\/\/encuentroinformativo.com.mx\/wp-content\/uploads\/2024\/04\/IMG-20240423-WA0106.jpg","jetpack_sharing_enabled":true,"jetpack_likes_enabled":true,"amp_enabled":true,"_links":{"self":[{"href":"https:\/\/encuentroinformativo.com.mx\/index.php?rest_route=\/wp\/v2\/posts\/53566","targetHints":{"allow":["GET"]}}],"collection":[{"href":"https:\/\/encuentroinformativo.com.mx\/index.php?rest_route=\/wp\/v2\/posts"}],"about":[{"href":"https:\/\/encuentroinformativo.com.mx\/index.php?rest_route=\/wp\/v2\/types\/post"}],"author":[{"embeddable":true,"href":"https:\/\/encuentroinformativo.com.mx\/index.php?rest_route=\/wp\/v2\/users\/2476"}],"replies":[{"embeddable":true,"href":"https:\/\/encuentroinformativo.com.mx\/index.php?rest_route=%2Fwp%2Fv2%2Fcomments&post=53566"}],"version-history":[{"count":1,"href":"https:\/\/encuentroinformativo.com.mx\/index.php?rest_route=\/wp\/v2\/posts\/53566\/revisions"}],"predecessor-version":[{"id":53568,"href":"https:\/\/encuentroinformativo.com.mx\/index.php?rest_route=\/wp\/v2\/posts\/53566\/revisions\/53568"}],"wp:featuredmedia":[{"embeddable":true,"href":"https:\/\/encuentroinformativo.com.mx\/index.php?rest_route=\/wp\/v2\/media\/53567"}],"wp:attachment":[{"href":"https:\/\/encuentroinformativo.com.mx\/index.php?rest_route=%2Fwp%2Fv2%2Fmedia&parent=53566"}],"wp:term":[{"taxonomy":"category","embeddable":true,"href":"https:\/\/encuentroinformativo.com.mx\/index.php?rest_route=%2Fwp%2Fv2%2Fcategories&post=53566"},{"taxonomy":"post_tag","embeddable":true,"href":"https:\/\/encuentroinformativo.com.mx\/index.php?rest_route=%2Fwp%2Fv2%2Ftags&post=53566"}],"curies":[{"name":"wp","href":"https:\/\/api.w.org\/{rel}","templated":true}]}}