{"id":53569,"date":"2024-04-23T19:48:20","date_gmt":"2024-04-24T01:48:20","guid":{"rendered":"https:\/\/encuentroinformativo.com.mx\/?p=53569"},"modified":"2024-04-23T19:48:24","modified_gmt":"2024-04-24T01:48:24","slug":"xalapa-vive-con-miedo-y-merece-paz-americo-zuniga","status":"publish","type":"post","link":"https:\/\/encuentroinformativo.com.mx\/?p=53569","title":{"rendered":"Xalapa vive con miedo y merece paz: Am\u00e9rico Z\u00fa\u00f1iga"},"content":{"rendered":"\n<p><strong>*El candidato a diputado federal camin\u00f3 por las colonias Revoluci\u00f3n, M\u00e9xico y Naranjal.<\/strong><\/p>\n\n\n\n<p>Xalapa, Ver.- Los xalape\u00f1os se sienten inseguros, no podemos, ni debemos acostumbrarnos a vivir con miedo. Hay que acabar con la pol\u00edtica de abrazos a los delincuentes, manifest\u00f3 Am\u00e9rico Z\u00fa\u00f1iga Mart\u00ednez, candidato a la diputaci\u00f3n federal por Xalapa.<\/p>\n\n\n\n<p>Al respecto, expuso que la Encuesta Nacional de Seguridad (ENSU) que levanta el INEGI, revel\u00f3 que en marzo de este a\u00f1o 57.3% de las y los xalape\u00f1os mayores de 18 a\u00f1os, se sintieron inseguros de vivir en la ciudad.<\/p>\n\n\n\n<p>Esta cifra es mayor a la reportada en diciembre del 2023, cuando el 52% dijo sentirse inseguro de vivir en Xalapa, refiri\u00f3.<\/p>\n\n\n\n<p>&#8220;No debemos, ni podemos acostumbrarnos a vivir con miedo&#8221;, manifest\u00f3 el abanderado de la coalici\u00f3n Fuerza y Coraz\u00f3n por M\u00e9xico al realizar un recorrido por las colonias Revoluci\u00f3n, M\u00e9xico y Naranjal.<\/p>\n\n\n\n<p>Por eso dijo que con el voto de los ciudadanos como diputado federal apoyar\u00e1 la nueva estrategia de seguridad que implementar\u00e1 X\u00f3chitl G\u00e1lvez.<\/p>\n\n\n\n<p>&#8220;Hay que acabar con la estrategia de abrazos a los criminales. Hay que aplicar la ley&#8221;, indic\u00f3.<\/p>\n\n\n\n<p>Adem\u00e1s, subray\u00f3 que se debe fortalecer a las polic\u00edas Estatal y Municipal, ya que Morena las abandon\u00f3.<\/p>\n\n\n\n<p>&#8220;Xalapa volver\u00e1 a ser una ciudad de paz y orden&#8221;, subray\u00f3 el candidato de Fuerza y Coraz\u00f3n por M\u00e9xico.<\/p>\n\n\n\n<p>Am\u00e9rico Z\u00fa\u00f1iga reiter\u00f3 que la inseguridad en Xalapa alcanza el 57.3%, reflejando un aumento que no podemos tolerar.<\/p>\n\n\n\n<p>&#8220;Como tu futuro diputado federal, respaldar\u00e9 las medidas de seguridad propuestas por X\u00f3chitl G\u00e1lvez, para fortalecer la aplicaci\u00f3n de la ley y mejorar nuestras fuerzas policiales. Juntos devolveremos la paz a Xalapa&#8221;, agreg\u00f3 Z\u00fa\u00f1iga Mart\u00ednez.<\/p>\n","protected":false},"excerpt":{"rendered":"<p>*El candidato a diputado federal camin\u00f3 por las colonias Revoluci\u00f3n, M\u00e9xico y Naranjal. Xalapa, Ver.- Los xalape\u00f1os se sienten inseguros, no podemos, ni debemos acostumbrarnos a vivir con miedo. Hay que acabar con la pol\u00edtica de abrazos a los delincuentes, manifest\u00f3 Am\u00e9rico Z\u00fa\u00f1iga Mart\u00ednez, candidato a la diputaci\u00f3n federal por Xalapa. Al respecto, expuso que [&hellip;]<\/p>\n","protected":false},"author":2476,"featured_media":53570,"comment_status":"open","ping_status":"open","sticky":false,"template":"","format":"standard","meta":{"_jetpack_memberships_contains_paid_content":false,"footnotes":""},"categories":[3],"tags":[],"class_list":["post-53569","post","type-post","status-publish","format-standard","has-post-thumbnail","hentry","category-xalapa"],"jetpack_featured_media_url":"https:\/\/encuentroinformativo.com.mx\/wp-content\/uploads\/2024\/04\/IMG-20240423-WA0142-scaled.jpg","jetpack_sharing_enabled":true,"jetpack_likes_enabled":true,"amp_enabled":true,"_links":{"self":[{"href":"https:\/\/encuentroinformativo.com.mx\/index.php?rest_route=\/wp\/v2\/posts\/53569","targetHints":{"allow":["GET"]}}],"collection":[{"href":"https:\/\/encuentroinformativo.com.mx\/index.php?rest_route=\/wp\/v2\/posts"}],"about":[{"href":"https:\/\/encuentroinformativo.com.mx\/index.php?rest_route=\/wp\/v2\/types\/post"}],"author":[{"embeddable":true,"href":"https:\/\/encuentroinformativo.com.mx\/index.php?rest_route=\/wp\/v2\/users\/2476"}],"replies":[{"embeddable":true,"href":"https:\/\/encuentroinformativo.com.mx\/index.php?rest_route=%2Fwp%2Fv2%2Fcomments&post=53569"}],"version-history":[{"count":1,"href":"https:\/\/encuentroinformativo.com.mx\/index.php?rest_route=\/wp\/v2\/posts\/53569\/revisions"}],"predecessor-version":[{"id":53571,"href":"https:\/\/encuentroinformativo.com.mx\/index.php?rest_route=\/wp\/v2\/posts\/53569\/revisions\/53571"}],"wp:featuredmedia":[{"embeddable":true,"href":"https:\/\/encuentroinformativo.com.mx\/index.php?rest_route=\/wp\/v2\/media\/53570"}],"wp:attachment":[{"href":"https:\/\/encuentroinformativo.com.mx\/index.php?rest_route=%2Fwp%2Fv2%2Fmedia&parent=53569"}],"wp:term":[{"taxonomy":"category","embeddable":true,"href":"https:\/\/encuentroinformativo.com.mx\/index.php?rest_route=%2Fwp%2Fv2%2Fcategories&post=53569"},{"taxonomy":"post_tag","embeddable":true,"href":"https:\/\/encuentroinformativo.com.mx\/index.php?rest_route=%2Fwp%2Fv2%2Ftags&post=53569"}],"curies":[{"name":"wp","href":"https:\/\/api.w.org\/{rel}","templated":true}]}}