{"id":53572,"date":"2024-04-23T19:52:34","date_gmt":"2024-04-24T01:52:34","guid":{"rendered":"https:\/\/encuentroinformativo.com.mx\/?p=53572"},"modified":"2024-04-23T19:52:38","modified_gmt":"2024-04-24T01:52:38","slug":"instituto-veracruzano-del-deporte-tendra-vasto-presupuesto-para-apoyo-a-atletas","status":"publish","type":"post","link":"https:\/\/encuentroinformativo.com.mx\/?p=53572","title":{"rendered":"Instituto Veracruzano del Deporte tendr\u00e1 vasto presupuesto para apoyo a atletas"},"content":{"rendered":"\n<p><strong>Alejandro \u00c1vila<\/strong><\/p>\n\n\n\n<p>Veracruz, Ver.- El deporte en Veracruz tendr\u00e1 vasto presupuesto para poder atender las necesidades de los atletas, y que la entidad vuelva a ser referente a nivel nacional e internacional, asegur\u00f3 el candidato a la gubernatura, Jos\u00e9 Francisco Yunes Zorrilla.<\/p>\n\n\n\n<p>El candidato de la alianza &#8220;Fuerza y Coraz\u00f3n por Veracruz&#8221;, dijo que uno de los rubros que tambi\u00e9n sufri\u00f3 el abandono del Gobierno de, Cuitl\u00e1huac Garc\u00eda Jim\u00e9nez, fue precisamente el deporte; prueba de ello, fueron las constantes manifestaciones de entrenadores y atletas por falta de presupuesto para competiciones, adem\u00e1s del retiro de becas deportivas.<\/p>\n\n\n\n<p>&#8220;Presupuestalmente vamos a apoyar al Instituto Veracruzano del Deporte, va a haber recursos para apoyar a nuestros deportistas. Estaremos haciendo un esfuerzo igualmente importante para que Veracruz pueda a tener un Centro de Alto Rendimiento, principalmente en las zonas altas, en donde nuestros atletas puedan tener la posibilidad de desarrollar de mejor forma sus habilidades deportivas. Vamos a generar una alianza estrategia con el sector privado, principalmente con el escolar, con el prop\u00f3sito de generar en una articulaci\u00f3n puntual, en disciplinas espec\u00edficas el acompa\u00f1amiento mixto de estos dos sectores de la poblaci\u00f3n. Vamos tambi\u00e9n de manera muy relevante a generar ligas regionales como lo tuvieron en alg\u00fan momento en el Estado de distintas disciplinas, tomo somos solo dos como ejemplo, de f\u00fatbol y b\u00e9isbol, para que podamos tener visor\u00edas y podamos estar generando el rescate de los talentos en estas actividades, con posibilidades a que puedan profesionalmente incursionar&#8221;, subray\u00f3.<\/p>\n\n\n\n<p>Finalmente, en una reuni\u00f3n con atletas y directivos del deporte en la Playa Mart\u00ed del municipio de Veracruz, mencion\u00f3 que a partir del primero de diciembre, el apoyo al deporte dejar\u00e1 de ser un discurso y se convertir\u00e1 en realidad.<\/p>\n","protected":false},"excerpt":{"rendered":"<p>Alejandro \u00c1vila Veracruz, Ver.- El deporte en Veracruz tendr\u00e1 vasto presupuesto para poder atender las necesidades de los atletas, y que la entidad vuelva a ser referente a nivel nacional e internacional, asegur\u00f3 el candidato a la gubernatura, Jos\u00e9 Francisco Yunes Zorrilla. El candidato de la alianza &#8220;Fuerza y Coraz\u00f3n por Veracruz&#8221;, dijo que uno [&hellip;]<\/p>\n","protected":false},"author":2476,"featured_media":53573,"comment_status":"open","ping_status":"open","sticky":false,"template":"","format":"standard","meta":{"_jetpack_memberships_contains_paid_content":false,"footnotes":""},"categories":[2],"tags":[],"class_list":["post-53572","post","type-post","status-publish","format-standard","has-post-thumbnail","hentry","category-estado"],"jetpack_featured_media_url":"https:\/\/encuentroinformativo.com.mx\/wp-content\/uploads\/2024\/04\/IMG-20240423-WA01572.jpg","jetpack_sharing_enabled":true,"jetpack_likes_enabled":true,"amp_enabled":true,"_links":{"self":[{"href":"https:\/\/encuentroinformativo.com.mx\/index.php?rest_route=\/wp\/v2\/posts\/53572","targetHints":{"allow":["GET"]}}],"collection":[{"href":"https:\/\/encuentroinformativo.com.mx\/index.php?rest_route=\/wp\/v2\/posts"}],"about":[{"href":"https:\/\/encuentroinformativo.com.mx\/index.php?rest_route=\/wp\/v2\/types\/post"}],"author":[{"embeddable":true,"href":"https:\/\/encuentroinformativo.com.mx\/index.php?rest_route=\/wp\/v2\/users\/2476"}],"replies":[{"embeddable":true,"href":"https:\/\/encuentroinformativo.com.mx\/index.php?rest_route=%2Fwp%2Fv2%2Fcomments&post=53572"}],"version-history":[{"count":1,"href":"https:\/\/encuentroinformativo.com.mx\/index.php?rest_route=\/wp\/v2\/posts\/53572\/revisions"}],"predecessor-version":[{"id":53574,"href":"https:\/\/encuentroinformativo.com.mx\/index.php?rest_route=\/wp\/v2\/posts\/53572\/revisions\/53574"}],"wp:featuredmedia":[{"embeddable":true,"href":"https:\/\/encuentroinformativo.com.mx\/index.php?rest_route=\/wp\/v2\/media\/53573"}],"wp:attachment":[{"href":"https:\/\/encuentroinformativo.com.mx\/index.php?rest_route=%2Fwp%2Fv2%2Fmedia&parent=53572"}],"wp:term":[{"taxonomy":"category","embeddable":true,"href":"https:\/\/encuentroinformativo.com.mx\/index.php?rest_route=%2Fwp%2Fv2%2Fcategories&post=53572"},{"taxonomy":"post_tag","embeddable":true,"href":"https:\/\/encuentroinformativo.com.mx\/index.php?rest_route=%2Fwp%2Fv2%2Ftags&post=53572"}],"curies":[{"name":"wp","href":"https:\/\/api.w.org\/{rel}","templated":true}]}}