{"id":53583,"date":"2024-04-24T13:10:04","date_gmt":"2024-04-24T19:10:04","guid":{"rendered":"https:\/\/encuentroinformativo.com.mx\/?p=53583"},"modified":"2024-04-24T13:10:09","modified_gmt":"2024-04-24T19:10:09","slug":"presentaran-obra-de-teatro-sobre-personas-recluidas-en-pacho-viejo","status":"publish","type":"post","link":"https:\/\/encuentroinformativo.com.mx\/?p=53583","title":{"rendered":"Presentar\u00e1n obra de teatro sobre personas recluidas en Pacho Viejo"},"content":{"rendered":"\n<p><strong>Dar\u00edo Pale <\/strong><\/p>\n\n\n\n<p>Xalapa, Ver.- Invitan a la ciudadan\u00eda para que asista a la obra que abordar\u00e1 casos de reclusos de Pacho Viejo, la cual se basa en testimonios de familiares de personas que se encuentran recluidas en dicho lugar.<\/p>\n\n\n\n<p>En conferencia de prensa los integrantes de &#8220;Teatro desde el Encierro&#8221; y &#8220;Ocuparte Cultura N\u00f3mada&#8221; anunciaron la presentaci\u00f3n de la obra de teatro &#8220;Expediente Veracruz, bit\u00e1cora de viaje&#8221;, la cual est\u00e1 basada en casos de personas recluidas en el Centro de Reinserci\u00f3n Social (CERESO) de Pacho Viejo.<\/p>\n\n\n\n<p>El proyecto se basa en los testimonios de familiares que tienen personas privadas de su libertad en el CERESO, as\u00ed como en una investigaci\u00f3n y exploraci\u00f3n que los propios artistas realizaron en el lugar.<\/p>\n\n\n\n<p>&#8220;Es teatro documental y lo que hicimos fue, a partir de esta gran idea de nuestro director, entrevistar a familiares que tienen alg\u00fan familiar privado de su libertad (&#8230;) para crear una puesta en escena que no es precisamente lineal o aristot\u00e9lica, sino una cosa m\u00e1s perform\u00e1tica&#8221;.\u00a0<\/p>\n\n\n\n<p>Adem\u00e1s de entretener y brindar una perspectiva diferente sobre el tema, la puesta en escena busca incidir en la impartici\u00f3n de justicia en M\u00e9xico, pues los propios productores constataron que muchos de los reclusos entrevistados llevan a\u00f1os sin una sentencia.<\/p>\n\n\n\n<p>&#8220;Con esta obra buscamos hacer eco, replantearnos c\u00f3mo es nuestro sistema penal&#8221;, mencionaron los artistas, quienes detallaron que las presentaciones se llevar\u00e1n a cabo del 2 al 5 de mayo en el foro &#8216;Area 51&#8217;.<\/p>\n\n\n\n<p>Por \u00faltimo se\u00f1alaron que, las funciones ser\u00e1n los jueves y viernes a las 20:00 horas, s\u00e1bado a las 19:00 horas y domingo a las 18:00 horas, y los boletos tendr\u00e1n un costo de 100 pesos en preventa y 150 en taquilla.<\/p>\n","protected":false},"excerpt":{"rendered":"<p>Dar\u00edo Pale Xalapa, Ver.- Invitan a la ciudadan\u00eda para que asista a la obra que abordar\u00e1 casos de reclusos de Pacho Viejo, la cual se basa en testimonios de familiares de personas que se encuentran recluidas en dicho lugar. En conferencia de prensa los integrantes de &#8220;Teatro desde el Encierro&#8221; y &#8220;Ocuparte Cultura N\u00f3mada&#8221; anunciaron [&hellip;]<\/p>\n","protected":false},"author":2476,"featured_media":53584,"comment_status":"open","ping_status":"open","sticky":false,"template":"","format":"standard","meta":{"_jetpack_memberships_contains_paid_content":false,"footnotes":""},"categories":[8],"tags":[],"class_list":["post-53583","post","type-post","status-publish","format-standard","has-post-thumbnail","hentry","category-region"],"jetpack_featured_media_url":"https:\/\/encuentroinformativo.com.mx\/wp-content\/uploads\/2024\/04\/IMG-20240424-WA0040.jpg","jetpack_sharing_enabled":true,"jetpack_likes_enabled":true,"amp_enabled":true,"_links":{"self":[{"href":"https:\/\/encuentroinformativo.com.mx\/index.php?rest_route=\/wp\/v2\/posts\/53583","targetHints":{"allow":["GET"]}}],"collection":[{"href":"https:\/\/encuentroinformativo.com.mx\/index.php?rest_route=\/wp\/v2\/posts"}],"about":[{"href":"https:\/\/encuentroinformativo.com.mx\/index.php?rest_route=\/wp\/v2\/types\/post"}],"author":[{"embeddable":true,"href":"https:\/\/encuentroinformativo.com.mx\/index.php?rest_route=\/wp\/v2\/users\/2476"}],"replies":[{"embeddable":true,"href":"https:\/\/encuentroinformativo.com.mx\/index.php?rest_route=%2Fwp%2Fv2%2Fcomments&post=53583"}],"version-history":[{"count":1,"href":"https:\/\/encuentroinformativo.com.mx\/index.php?rest_route=\/wp\/v2\/posts\/53583\/revisions"}],"predecessor-version":[{"id":53585,"href":"https:\/\/encuentroinformativo.com.mx\/index.php?rest_route=\/wp\/v2\/posts\/53583\/revisions\/53585"}],"wp:featuredmedia":[{"embeddable":true,"href":"https:\/\/encuentroinformativo.com.mx\/index.php?rest_route=\/wp\/v2\/media\/53584"}],"wp:attachment":[{"href":"https:\/\/encuentroinformativo.com.mx\/index.php?rest_route=%2Fwp%2Fv2%2Fmedia&parent=53583"}],"wp:term":[{"taxonomy":"category","embeddable":true,"href":"https:\/\/encuentroinformativo.com.mx\/index.php?rest_route=%2Fwp%2Fv2%2Fcategories&post=53583"},{"taxonomy":"post_tag","embeddable":true,"href":"https:\/\/encuentroinformativo.com.mx\/index.php?rest_route=%2Fwp%2Fv2%2Ftags&post=53583"}],"curies":[{"name":"wp","href":"https:\/\/api.w.org\/{rel}","templated":true}]}}