{"id":53598,"date":"2024-04-24T14:31:15","date_gmt":"2024-04-24T20:31:15","guid":{"rendered":"https:\/\/encuentroinformativo.com.mx\/?p=53598"},"modified":"2024-04-24T14:31:21","modified_gmt":"2024-04-24T20:31:21","slug":"mistico-y-templario-encabezan-cartelera-de-lucha-libre-con-causa-en-boca-del-rio","status":"publish","type":"post","link":"https:\/\/encuentroinformativo.com.mx\/?p=53598","title":{"rendered":"M\u00edstico y Templario encabezan cartelera de lucha libre con causa en Boca del R\u00edo"},"content":{"rendered":"\n<p><strong>Alejandro \u00c1vila<\/strong><\/p>\n\n\n\n<p>Veracruz, Ver.- Los gladiadores emblema del Consejo Mundial de Lucha Libre vuelven a tierras veracruzanas el pr\u00f3ximo 30 de mayo, donde a partir de las 20 horas se enfrentar\u00e1n palmo a palmo en la Arena Veracruz del municipio de Boca del R\u00edo.<\/p>\n\n\n\n<p>La lucha estrella estar\u00e1 protagonizada por &#8220;El Seminarista de los Ojos Blancos&#8221;, M\u00edstico y Volador Junior, quienes se enfrentar\u00e1n a Hechicero y Templario, este \u00faltimo ganador de la lucha estelar donde le arrebat\u00f3 la m\u00e1scara Drag\u00f3n Rojo en el 90 aniversario del CMLL.<\/p>\n\n\n\n<p>En la lucha semifinal de Amazonas, se enfrentar\u00e1n Lluvia y La Catalina contra Stephanie Vaquer y Persephone.<\/p>\n\n\n\n<p>&#8220;Mediante la lucha libre apoyaremos, parte de la taquilla ser\u00e1 destinado para las ni\u00f1as y ni\u00f1os del puerto jarocho del grupo AMANC, ya est\u00e1 el convenio totalmente legalizado para que parte de la taquilla sea contra la batalla contra el c\u00e1ncer&#8221;, declar\u00f3 Ernesto Huerta Jim\u00e9nez, promotor oficial del Consejo Mundial de Lucha Libre.<\/p>\n\n\n\n<p>Ernesto Huerta reconoci\u00f3 que ha sido complicado volver a promover la lucha libre tras la pandemia; sin embargo, record\u00f3 que el Pancracio nacional es s\u00edmbolo de M\u00e9xico y los gladiadores son \u00eddolos del pueblo, por lo cual, una de las prioridades era bajar los costos para que fuera accesible para toda la familia.<\/p>\n\n\n\n<p>&#8220;Las estrellas del Consejo Mundial trabajar\u00e1n alrededor de ring nada m\u00e1s, ya no se va a hacer esto de que se espante al p\u00fablico, se metan entre ellos, se espante a la abuelita, se espante al ni\u00f1o, no. Van a trabajar como se trabaja totalmente en el Consejo Mundial, y para que la gente vea un gran espect\u00e1culo y traen al Rey de Oro y Plata, M\u00edstico, pues es el boom, de lo mejor que hay en el Pancracio mexicano, y acompa\u00f1ado del Consejo Mundial, tambi\u00e9n viene Edgar &#8216;El G\u00fcero&#8217; Noriega, referi internacional va a estar aqu\u00ed con nosotros, y un gran evento acompa\u00f1ado de la mejor lucha libre del puerto jarocho, la del Coliseo Veracruzano&#8221;, culmin\u00f3.<\/p>\n","protected":false},"excerpt":{"rendered":"<p>Alejandro \u00c1vila Veracruz, Ver.- Los gladiadores emblema del Consejo Mundial de Lucha Libre vuelven a tierras veracruzanas el pr\u00f3ximo 30 de mayo, donde a partir de las 20 horas se enfrentar\u00e1n palmo a palmo en la Arena Veracruz del municipio de Boca del R\u00edo. La lucha estrella estar\u00e1 protagonizada por &#8220;El Seminarista de los Ojos [&hellip;]<\/p>\n","protected":false},"author":2476,"featured_media":53599,"comment_status":"open","ping_status":"open","sticky":false,"template":"","format":"standard","meta":{"_jetpack_memberships_contains_paid_content":false,"footnotes":""},"categories":[2],"tags":[],"class_list":["post-53598","post","type-post","status-publish","format-standard","has-post-thumbnail","hentry","category-estado"],"jetpack_featured_media_url":"https:\/\/encuentroinformativo.com.mx\/wp-content\/uploads\/2024\/04\/IMG-20240424-WA00612.jpg","jetpack_sharing_enabled":true,"jetpack_likes_enabled":true,"amp_enabled":true,"_links":{"self":[{"href":"https:\/\/encuentroinformativo.com.mx\/index.php?rest_route=\/wp\/v2\/posts\/53598","targetHints":{"allow":["GET"]}}],"collection":[{"href":"https:\/\/encuentroinformativo.com.mx\/index.php?rest_route=\/wp\/v2\/posts"}],"about":[{"href":"https:\/\/encuentroinformativo.com.mx\/index.php?rest_route=\/wp\/v2\/types\/post"}],"author":[{"embeddable":true,"href":"https:\/\/encuentroinformativo.com.mx\/index.php?rest_route=\/wp\/v2\/users\/2476"}],"replies":[{"embeddable":true,"href":"https:\/\/encuentroinformativo.com.mx\/index.php?rest_route=%2Fwp%2Fv2%2Fcomments&post=53598"}],"version-history":[{"count":1,"href":"https:\/\/encuentroinformativo.com.mx\/index.php?rest_route=\/wp\/v2\/posts\/53598\/revisions"}],"predecessor-version":[{"id":53600,"href":"https:\/\/encuentroinformativo.com.mx\/index.php?rest_route=\/wp\/v2\/posts\/53598\/revisions\/53600"}],"wp:featuredmedia":[{"embeddable":true,"href":"https:\/\/encuentroinformativo.com.mx\/index.php?rest_route=\/wp\/v2\/media\/53599"}],"wp:attachment":[{"href":"https:\/\/encuentroinformativo.com.mx\/index.php?rest_route=%2Fwp%2Fv2%2Fmedia&parent=53598"}],"wp:term":[{"taxonomy":"category","embeddable":true,"href":"https:\/\/encuentroinformativo.com.mx\/index.php?rest_route=%2Fwp%2Fv2%2Fcategories&post=53598"},{"taxonomy":"post_tag","embeddable":true,"href":"https:\/\/encuentroinformativo.com.mx\/index.php?rest_route=%2Fwp%2Fv2%2Ftags&post=53598"}],"curies":[{"name":"wp","href":"https:\/\/api.w.org\/{rel}","templated":true}]}}