{"id":5362,"date":"2020-08-30T14:07:44","date_gmt":"2020-08-30T19:07:44","guid":{"rendered":"https:\/\/encuentroinformativo.com\/?p=5362"},"modified":"2020-08-30T14:07:48","modified_gmt":"2020-08-30T19:07:48","slug":"con-protesta-colectivos-reclaman-justicia","status":"publish","type":"post","link":"https:\/\/encuentroinformativo.com.mx\/?p=5362","title":{"rendered":"Con protesta, colectivos reclaman justicia"},"content":{"rendered":"\n<p><strong>Juan Arcos <\/strong><\/p>\n\n\n\n<p>Xalapa, Ver.- Una bolsa negra atada con un alambre cubr\u00eda la cabeza y parte del rostro de una mujer, quien, en un performance, aparentaba ser v\u00edctima de una desaparici\u00f3n forzada.<\/p>\n\n\n\n<p>La joven ten\u00eda descubierto su cuerpo de la cintura hacia arriba. Usaba sus manos para cubrir sus pechos. Adem\u00e1s, pintura roja escurr\u00eda en su piel, simulando la sangre que derramaban heridas cerca de su vientre, mismas hab\u00edan sido colocadas con maquillaje.<\/p>\n\n\n\n<p>\u201cM\u00e1ndame un mensaje cuando llegues\u201d, se le\u00eda en su pecho y, \u201cal rato regreso\u201d, en su espalda, cuya conversaci\u00f3n ocurre con frecuencia cuando los hijos salen de casa y piden permiso a sus padres.<\/p>\n\n\n\n<p>Decenas de integrantes de colectivos de familiares de desaparecidos protestaron frente a Palacio de Gobierno, durante el D\u00eda Internacional de las V\u00edctimas de Desaparici\u00f3n Forzada.<\/p>\n\n\n\n<p>Los familiares colocaron fotograf\u00edas y participaron en una misa virtual para pedir por las personas que han sido v\u00edctimas de desaparici\u00f3n forzada en el estado de Veracruz.<\/p>\n\n\n\n<p>Se habla de casos de dicho delito que ocurrieron desde el a\u00f1o 2008 y que, hasta el momento, no han sido esclarecidos, pues las personas no han sido localizadas y nadie ha sido proceso penalmente por dicho motivo.<br>Sobre la calle Juan de la Luz Enr\u00edquez, las personas hicieron un pase de lista y mencionaron los nombres de decenas de desaparecidos.<\/p>\n\n\n\n<p>De acuerdo con Carlos Salda\u00f1a Grajales, representante del Colectivo Enlaces Xalapa, las autoridades han sido \u201cciegas\u201d a la realidad, pese a que las desapariciones forzadas son constantes en la entidad.<\/p>\n\n\n\n<p>\u201cHan querido cegar lo que en realidad se vive, lo que en realidad se ve, que es la inseguridad que hemos estado viendo en el estado y en todo el pa\u00eds\u201d.<\/p>\n\n\n\n<p>\u00c9l ha recorrido zonas de la comunidad El Chico, municipio de Emiliano Zapata, y otros lugares de la entidad, en busca de sus dos hijos: Karla Nallely Salda\u00f1a Grajales y Jes\u00fas Alberto Estrada Mart\u00ednez (adoptivo), quienes desaparecieron el 29 de noviembre de 2011, una noche de antro.\u00a0<\/p>\n\n\n\n<p><\/p>\n\n\n\n<p><\/p>\n","protected":false},"excerpt":{"rendered":"<p>Juan Arcos Xalapa, Ver.- Una bolsa negra atada con un alambre cubr\u00eda la cabeza y parte del rostro de una mujer, quien, en un performance, aparentaba ser v\u00edctima de una desaparici\u00f3n forzada. La joven ten\u00eda descubierto su cuerpo de la cintura hacia arriba. Usaba sus manos para cubrir sus pechos. Adem\u00e1s, pintura roja escurr\u00eda en [&hellip;]<\/p>\n","protected":false},"author":1,"featured_media":5363,"comment_status":"open","ping_status":"open","sticky":false,"template":"","format":"standard","meta":{"_jetpack_memberships_contains_paid_content":false,"footnotes":""},"categories":[3],"tags":[],"class_list":["post-5362","post","type-post","status-publish","format-standard","has-post-thumbnail","hentry","category-xalapa"],"jetpack_featured_media_url":"https:\/\/encuentroinformativo.com.mx\/wp-content\/uploads\/2020\/08\/D26C0CD5-5FCF-414B-A4F9-1E8A684BFF91.jpeg","jetpack_sharing_enabled":true,"jetpack_likes_enabled":true,"amp_enabled":true,"_links":{"self":[{"href":"https:\/\/encuentroinformativo.com.mx\/index.php?rest_route=\/wp\/v2\/posts\/5362","targetHints":{"allow":["GET"]}}],"collection":[{"href":"https:\/\/encuentroinformativo.com.mx\/index.php?rest_route=\/wp\/v2\/posts"}],"about":[{"href":"https:\/\/encuentroinformativo.com.mx\/index.php?rest_route=\/wp\/v2\/types\/post"}],"author":[{"embeddable":true,"href":"https:\/\/encuentroinformativo.com.mx\/index.php?rest_route=\/wp\/v2\/users\/1"}],"replies":[{"embeddable":true,"href":"https:\/\/encuentroinformativo.com.mx\/index.php?rest_route=%2Fwp%2Fv2%2Fcomments&post=5362"}],"version-history":[{"count":1,"href":"https:\/\/encuentroinformativo.com.mx\/index.php?rest_route=\/wp\/v2\/posts\/5362\/revisions"}],"predecessor-version":[{"id":5364,"href":"https:\/\/encuentroinformativo.com.mx\/index.php?rest_route=\/wp\/v2\/posts\/5362\/revisions\/5364"}],"wp:featuredmedia":[{"embeddable":true,"href":"https:\/\/encuentroinformativo.com.mx\/index.php?rest_route=\/wp\/v2\/media\/5363"}],"wp:attachment":[{"href":"https:\/\/encuentroinformativo.com.mx\/index.php?rest_route=%2Fwp%2Fv2%2Fmedia&parent=5362"}],"wp:term":[{"taxonomy":"category","embeddable":true,"href":"https:\/\/encuentroinformativo.com.mx\/index.php?rest_route=%2Fwp%2Fv2%2Fcategories&post=5362"},{"taxonomy":"post_tag","embeddable":true,"href":"https:\/\/encuentroinformativo.com.mx\/index.php?rest_route=%2Fwp%2Fv2%2Ftags&post=5362"}],"curies":[{"name":"wp","href":"https:\/\/api.w.org\/{rel}","templated":true}]}}