{"id":53620,"date":"2024-04-25T11:10:57","date_gmt":"2024-04-25T17:10:57","guid":{"rendered":"https:\/\/encuentroinformativo.com.mx\/?p=53620"},"modified":"2024-04-25T11:11:02","modified_gmt":"2024-04-25T17:11:02","slug":"reclaman-extrabajadores-del-seguro-popular-pago-de-laudos","status":"publish","type":"post","link":"https:\/\/encuentroinformativo.com.mx\/?p=53620","title":{"rendered":"Reclaman extrabajadores del Seguro Popular pago de laudos"},"content":{"rendered":"\n<p><strong>Dar\u00edo Pale<\/strong><\/p>\n\n\n\n<p>Xalapa, Ver.- Ex trabajadores del Seguro Popular se manifestaron y marcharon por las principales calles del centro de Xalapa para exigir al Gobierno del Estado que cumpla con el pago de los laudos ya ganados que asciende a los 67 millones de pesos.\u00a0<\/p>\n\n\n\n<p>Entrevistado durante la manifestaci\u00f3n el secretario general del Sindicato de Trabajadores del R\u00e9gimen Estatal en Protecci\u00f3n Social en el Estado de Veracruz , \u00c1ngel Carrera dijo que solo falta la voluntad de las autoridades para poder cumplir con los compromisos que tiene con 27 extrabajadores de todo el estado.\u00a0<\/p>\n\n\n\n<p>\u201cNo tenemos ninguna propuesta, que sea parcial, que sea de los pagos, nada nos dicen\u201d, dijo al tiempo que coment\u00f3 que hay m\u00e1s personas que no son de su sindicato afectadas.\u00a0<\/p>\n\n\n\n<p>Es de mencionar que los extrabajadores salieron a las calles para exigir al gobierno sus pagos, ya que llevan poco m\u00e1s de 7 a\u00f1os en la lucha para que se les paguen sus laudos.\u00a0<\/p>\n\n\n\n<p>&#8220;Es cuesti\u00f3n de que nos ayuden con este tema que ha sido muy trillado, nos hab\u00edamos mantenido muy al margen, no hab\u00edamos hecho ning\u00fan movimiento, pero llega el momento en que uno se cansa despu\u00e9s de tantas promesas incumplidas, de tantos documentos y el que solo te digan \u00a0vente ma\u00f1ana, ma\u00f1ana lo checo\u201d, se\u00f1al\u00f3.<\/p>\n\n\n\n<p>Los inconformes criticaron que en la Secretar\u00eda del Trabajo y Previsi\u00f3n Social solo sea una dependencia de cambio y no funcione para resolver los problemas laborales a quienes tienen demandas.\u00a0<\/p>\n\n\n\n<p>&#8220;Lamentablemente nosotros ya no tenemos ni el tiempo ni la paciencia, porque nuestros hijos tambi\u00e9n comen, tienen que ir a la escuela, tiene que ver medicinas y varias acciones como jefes de familia\u201d, comentaron.\u00a0<\/p>\n\n\n\n<p>Por \u00faltimo cabe recordar que el Seguro Popular desapareci\u00f3 en el 2016, desde entonces, todos los trabajadores fueron dados de baja sin una liquidaci\u00f3n.<\/p>\n\n\n\n<figure class=\"wp-block-image size-large\"><img loading=\"lazy\" decoding=\"async\" width=\"1024\" height=\"576\" src=\"https:\/\/encuentroinformativo.com.mx\/wp-content\/uploads\/2024\/04\/IMG-20240425-WA0028-1024x576.jpg\" alt=\"\" class=\"wp-image-53622\" srcset=\"https:\/\/encuentroinformativo.com.mx\/wp-content\/uploads\/2024\/04\/IMG-20240425-WA0028-1024x576.jpg 1024w, https:\/\/encuentroinformativo.com.mx\/wp-content\/uploads\/2024\/04\/IMG-20240425-WA0028-300x169.jpg 300w, https:\/\/encuentroinformativo.com.mx\/wp-content\/uploads\/2024\/04\/IMG-20240425-WA0028-768x432.jpg 768w, https:\/\/encuentroinformativo.com.mx\/wp-content\/uploads\/2024\/04\/IMG-20240425-WA0028-1536x864.jpg 1536w, https:\/\/encuentroinformativo.com.mx\/wp-content\/uploads\/2024\/04\/IMG-20240425-WA0028.jpg 1599w\" sizes=\"auto, (max-width: 1024px) 100vw, 1024px\" \/><\/figure>\n","protected":false},"excerpt":{"rendered":"<p>Dar\u00edo Pale Xalapa, Ver.- Ex trabajadores del Seguro Popular se manifestaron y marcharon por las principales calles del centro de Xalapa para exigir al Gobierno del Estado que cumpla con el pago de los laudos ya ganados que asciende a los 67 millones de pesos.\u00a0 Entrevistado durante la manifestaci\u00f3n el secretario general del Sindicato de [&hellip;]<\/p>\n","protected":false},"author":2476,"featured_media":53621,"comment_status":"open","ping_status":"open","sticky":false,"template":"","format":"standard","meta":{"_jetpack_memberships_contains_paid_content":false,"footnotes":""},"categories":[9],"tags":[],"class_list":["post-53620","post","type-post","status-publish","format-standard","has-post-thumbnail","hentry","category-salud"],"jetpack_featured_media_url":"https:\/\/encuentroinformativo.com.mx\/wp-content\/uploads\/2024\/04\/IMG-20240425-WA0016.jpg","jetpack_sharing_enabled":true,"jetpack_likes_enabled":true,"amp_enabled":true,"_links":{"self":[{"href":"https:\/\/encuentroinformativo.com.mx\/index.php?rest_route=\/wp\/v2\/posts\/53620","targetHints":{"allow":["GET"]}}],"collection":[{"href":"https:\/\/encuentroinformativo.com.mx\/index.php?rest_route=\/wp\/v2\/posts"}],"about":[{"href":"https:\/\/encuentroinformativo.com.mx\/index.php?rest_route=\/wp\/v2\/types\/post"}],"author":[{"embeddable":true,"href":"https:\/\/encuentroinformativo.com.mx\/index.php?rest_route=\/wp\/v2\/users\/2476"}],"replies":[{"embeddable":true,"href":"https:\/\/encuentroinformativo.com.mx\/index.php?rest_route=%2Fwp%2Fv2%2Fcomments&post=53620"}],"version-history":[{"count":1,"href":"https:\/\/encuentroinformativo.com.mx\/index.php?rest_route=\/wp\/v2\/posts\/53620\/revisions"}],"predecessor-version":[{"id":53623,"href":"https:\/\/encuentroinformativo.com.mx\/index.php?rest_route=\/wp\/v2\/posts\/53620\/revisions\/53623"}],"wp:featuredmedia":[{"embeddable":true,"href":"https:\/\/encuentroinformativo.com.mx\/index.php?rest_route=\/wp\/v2\/media\/53621"}],"wp:attachment":[{"href":"https:\/\/encuentroinformativo.com.mx\/index.php?rest_route=%2Fwp%2Fv2%2Fmedia&parent=53620"}],"wp:term":[{"taxonomy":"category","embeddable":true,"href":"https:\/\/encuentroinformativo.com.mx\/index.php?rest_route=%2Fwp%2Fv2%2Fcategories&post=53620"},{"taxonomy":"post_tag","embeddable":true,"href":"https:\/\/encuentroinformativo.com.mx\/index.php?rest_route=%2Fwp%2Fv2%2Ftags&post=53620"}],"curies":[{"name":"wp","href":"https:\/\/api.w.org\/{rel}","templated":true}]}}