{"id":53640,"date":"2024-04-25T14:08:00","date_gmt":"2024-04-25T20:08:00","guid":{"rendered":"https:\/\/encuentroinformativo.com.mx\/?p=53640"},"modified":"2024-04-25T14:08:06","modified_gmt":"2024-04-25T20:08:06","slug":"reclaman-docentes-cambios-de-adscripcion-en-la-sev","status":"publish","type":"post","link":"https:\/\/encuentroinformativo.com.mx\/?p=53640","title":{"rendered":"Reclaman docentes cambios de adscripci\u00f3n en la SEV"},"content":{"rendered":"\n<p><strong>Juan Arcos <\/strong><\/p>\n\n\n\n<p>Xalapa, Ver.- Las oficinas centrales de la Secretar\u00eda de Educaci\u00f3n de Veracruz (SEV) fueron tomadas nuevamente por un grupo de docentes.<\/p>\n\n\n\n<p>En esta ocasi\u00f3n se trat\u00f3 de agremiados del Sindicato Innovador Magisterial Veracruzano (Simve), quienes reclaman cambios de adscripci\u00f3n y otros tr\u00e1mites pendientes.<\/p>\n\n\n\n<p>Tambi\u00e9n hubo protestas en la Direcci\u00f3n General de Telebachillerato y la Direcci\u00f3n de Administraci\u00f3n Personal Estatal (DAPE), ubicada en la Torre Orgullo Veracruzano.<\/p>\n\n\n\n<p>De acuerdo con el secretario general de Simve, Gerardo Vel\u00e1zquez Maravert, las autoridades educativas atienden solo a ciertas organizaciones sindicales.<\/p>\n\n\n\n<p>El l\u00edder sindical detall\u00f3 que hay tr\u00e1mites pendientes en los niveles de Educaci\u00f3n Media Superior, B\u00e1sica y la falta de atenci\u00f3n de la Oficial\u00eda Mayor para resolver temas presupuestales.<\/p>\n\n\n\n<p>\u201cA los dem\u00e1s sindicatos los han recibido y est\u00e1n pasando por alto al Simve y afecta a los trabajadores. Hay cambios de adscripciones que no se han cumplido, seguridad, cambios de adscripci\u00f3n y resguardos\u201d.<\/p>\n\n\n\n<p>Desde las seis de la ma\u00f1ana de este jueves 25 de abril, los docentes impidieron el ingreso del personal a las oficinas centrales de la SEV.<br>En la reja principal fueron colgadas lonas con las siglas del Sindicato Innovador Magisterial Veracruzano, en busca de una mesa de di\u00e1logo con las autoridades.<\/p>\n\n\n\n<p>Cabe recordar que, el pasado 10 de abril, otro grupo de docentes tom\u00f3 las instalaciones de la dependencia estatal, ubicadas sobre la carretera federal Xalapa-Veracruz, a la altura de la colonia Sahop, debido a atrasos en algunos tr\u00e1mites, como la falta de pagos y \u00f3rdenes de presentaci\u00f3n.<\/p>\n\n\n\n<p>En aquella ocasi\u00f3n, la toma de la SEV por parte de los sindicalizados dur\u00f3 30 horas en la capital veracruzana<\/p>\n","protected":false},"excerpt":{"rendered":"<p>Juan Arcos Xalapa, Ver.- Las oficinas centrales de la Secretar\u00eda de Educaci\u00f3n de Veracruz (SEV) fueron tomadas nuevamente por un grupo de docentes. En esta ocasi\u00f3n se trat\u00f3 de agremiados del Sindicato Innovador Magisterial Veracruzano (Simve), quienes reclaman cambios de adscripci\u00f3n y otros tr\u00e1mites pendientes. Tambi\u00e9n hubo protestas en la Direcci\u00f3n General de Telebachillerato y [&hellip;]<\/p>\n","protected":false},"author":2476,"featured_media":53641,"comment_status":"open","ping_status":"open","sticky":false,"template":"","format":"standard","meta":{"_jetpack_memberships_contains_paid_content":false,"footnotes":""},"categories":[3],"tags":[],"class_list":["post-53640","post","type-post","status-publish","format-standard","has-post-thumbnail","hentry","category-xalapa"],"jetpack_featured_media_url":"https:\/\/encuentroinformativo.com.mx\/wp-content\/uploads\/2024\/04\/53b60569-ab22-4e63-b287-e9411efd010d.jpg","jetpack_sharing_enabled":true,"jetpack_likes_enabled":true,"amp_enabled":true,"_links":{"self":[{"href":"https:\/\/encuentroinformativo.com.mx\/index.php?rest_route=\/wp\/v2\/posts\/53640","targetHints":{"allow":["GET"]}}],"collection":[{"href":"https:\/\/encuentroinformativo.com.mx\/index.php?rest_route=\/wp\/v2\/posts"}],"about":[{"href":"https:\/\/encuentroinformativo.com.mx\/index.php?rest_route=\/wp\/v2\/types\/post"}],"author":[{"embeddable":true,"href":"https:\/\/encuentroinformativo.com.mx\/index.php?rest_route=\/wp\/v2\/users\/2476"}],"replies":[{"embeddable":true,"href":"https:\/\/encuentroinformativo.com.mx\/index.php?rest_route=%2Fwp%2Fv2%2Fcomments&post=53640"}],"version-history":[{"count":1,"href":"https:\/\/encuentroinformativo.com.mx\/index.php?rest_route=\/wp\/v2\/posts\/53640\/revisions"}],"predecessor-version":[{"id":53642,"href":"https:\/\/encuentroinformativo.com.mx\/index.php?rest_route=\/wp\/v2\/posts\/53640\/revisions\/53642"}],"wp:featuredmedia":[{"embeddable":true,"href":"https:\/\/encuentroinformativo.com.mx\/index.php?rest_route=\/wp\/v2\/media\/53641"}],"wp:attachment":[{"href":"https:\/\/encuentroinformativo.com.mx\/index.php?rest_route=%2Fwp%2Fv2%2Fmedia&parent=53640"}],"wp:term":[{"taxonomy":"category","embeddable":true,"href":"https:\/\/encuentroinformativo.com.mx\/index.php?rest_route=%2Fwp%2Fv2%2Fcategories&post=53640"},{"taxonomy":"post_tag","embeddable":true,"href":"https:\/\/encuentroinformativo.com.mx\/index.php?rest_route=%2Fwp%2Fv2%2Ftags&post=53640"}],"curies":[{"name":"wp","href":"https:\/\/api.w.org\/{rel}","templated":true}]}}