{"id":53643,"date":"2024-04-25T14:13:05","date_gmt":"2024-04-25T20:13:05","guid":{"rendered":"https:\/\/encuentroinformativo.com.mx\/?p=53643"},"modified":"2024-04-25T14:13:10","modified_gmt":"2024-04-25T20:13:10","slug":"acusan-abandono-del-cbta-de-tantoyuca","status":"publish","type":"post","link":"https:\/\/encuentroinformativo.com.mx\/?p=53643","title":{"rendered":"Acusan abandono del CBTA de Tantoyuca"},"content":{"rendered":"\n<p><strong>Dar\u00edo Pale<\/strong><\/p>\n\n\n\n<p>Xalapa, Ver.- Con la finalidad de exigir a la Direcci\u00f3n General de Educaci\u00f3n Tecnol\u00f3gica Agropecuaria y Ciencias del Mar (DGETAyCM) que atiendan sus demandas, alumnos del Centro Bachillerato Tecnol\u00f3gico Agropecuario No. 136 de Tantoyuca San Sebasti\u00e1n se manifiestan en la plaza Lerdo.<\/p>\n\n\n\n<p>Al respecto, Vanesa del Roc\u00edo Marti Hern\u00e1ndez, dirigente seccional de Tantoyuca, indic\u00f3 que desde hace 43 a\u00f1os esta instituci\u00f3n ha exigido a las autoridades que se atiendan distintas necesidades, como atenci\u00f3n a la red el\u00e9ctrica e hidr\u00e1ulica, la construcci\u00f3n de una cisterna de 20 mil litros, as\u00ed como la rehabilitaci\u00f3n del laboratorio y mantenimiento al plantel.<\/p>\n\n\n\n<p>&#8220;Acudimos para que nos atiendan, tenemos m\u00e1s de 43 a\u00f1os que el DGETA no ha resuelto nuestras demandas, no nos han solucionado. Todo lo que se ha hecho es con compa\u00f1eros y padres de familias, no hemos sido atendidos\u201d, abund\u00f3.<\/p>\n\n\n\n<p>Finalmente dijo que por ello, se encuentran afectados alrededor de 150 alumnos y adelant\u00f3 que en el mes de mayo acudir\u00e1n a la Ciudad de M\u00e9xico para que se atiendan los distintos planteles en el estado.<\/p>\n","protected":false},"excerpt":{"rendered":"<p>Dar\u00edo Pale Xalapa, Ver.- Con la finalidad de exigir a la Direcci\u00f3n General de Educaci\u00f3n Tecnol\u00f3gica Agropecuaria y Ciencias del Mar (DGETAyCM) que atiendan sus demandas, alumnos del Centro Bachillerato Tecnol\u00f3gico Agropecuario No. 136 de Tantoyuca San Sebasti\u00e1n se manifiestan en la plaza Lerdo. Al respecto, Vanesa del Roc\u00edo Marti Hern\u00e1ndez, dirigente seccional de Tantoyuca, [&hellip;]<\/p>\n","protected":false},"author":2476,"featured_media":53644,"comment_status":"open","ping_status":"open","sticky":false,"template":"","format":"standard","meta":{"_jetpack_memberships_contains_paid_content":false,"footnotes":""},"categories":[2],"tags":[],"class_list":["post-53643","post","type-post","status-publish","format-standard","has-post-thumbnail","hentry","category-estado"],"jetpack_featured_media_url":"https:\/\/encuentroinformativo.com.mx\/wp-content\/uploads\/2024\/04\/IMG-20240425-WA0075.jpg","jetpack_sharing_enabled":true,"jetpack_likes_enabled":true,"amp_enabled":true,"_links":{"self":[{"href":"https:\/\/encuentroinformativo.com.mx\/index.php?rest_route=\/wp\/v2\/posts\/53643","targetHints":{"allow":["GET"]}}],"collection":[{"href":"https:\/\/encuentroinformativo.com.mx\/index.php?rest_route=\/wp\/v2\/posts"}],"about":[{"href":"https:\/\/encuentroinformativo.com.mx\/index.php?rest_route=\/wp\/v2\/types\/post"}],"author":[{"embeddable":true,"href":"https:\/\/encuentroinformativo.com.mx\/index.php?rest_route=\/wp\/v2\/users\/2476"}],"replies":[{"embeddable":true,"href":"https:\/\/encuentroinformativo.com.mx\/index.php?rest_route=%2Fwp%2Fv2%2Fcomments&post=53643"}],"version-history":[{"count":1,"href":"https:\/\/encuentroinformativo.com.mx\/index.php?rest_route=\/wp\/v2\/posts\/53643\/revisions"}],"predecessor-version":[{"id":53645,"href":"https:\/\/encuentroinformativo.com.mx\/index.php?rest_route=\/wp\/v2\/posts\/53643\/revisions\/53645"}],"wp:featuredmedia":[{"embeddable":true,"href":"https:\/\/encuentroinformativo.com.mx\/index.php?rest_route=\/wp\/v2\/media\/53644"}],"wp:attachment":[{"href":"https:\/\/encuentroinformativo.com.mx\/index.php?rest_route=%2Fwp%2Fv2%2Fmedia&parent=53643"}],"wp:term":[{"taxonomy":"category","embeddable":true,"href":"https:\/\/encuentroinformativo.com.mx\/index.php?rest_route=%2Fwp%2Fv2%2Fcategories&post=53643"},{"taxonomy":"post_tag","embeddable":true,"href":"https:\/\/encuentroinformativo.com.mx\/index.php?rest_route=%2Fwp%2Fv2%2Ftags&post=53643"}],"curies":[{"name":"wp","href":"https:\/\/api.w.org\/{rel}","templated":true}]}}