{"id":5366,"date":"2020-08-30T17:05:32","date_gmt":"2020-08-30T22:05:32","guid":{"rendered":"https:\/\/encuentroinformativo.com\/?p=5366"},"modified":"2020-08-30T17:05:38","modified_gmt":"2020-08-30T22:05:38","slug":"familiares-mantienen-busqueda-de-jovenes-desaparecidos-en-emiliano-zapata","status":"publish","type":"post","link":"https:\/\/encuentroinformativo.com.mx\/?p=5366","title":{"rendered":"Familiares mantienen b\u00fasqueda de j\u00f3venes desaparecidos en Emiliano Zapata"},"content":{"rendered":"\n<p><strong>Juan Arcos <\/strong><\/p>\n\n\n\n<p>Xalapa, Ver.- Familiares de los cinco desaparecidos en el bar \u201cMichelukas\u201d, ubicado en la localidad Palo Gacho, municipio de Emiliano Zapata, revelaron que miembros de la delincuencia organizada participaron en el \u201clevant\u00f3n\u201d, el pasado 2 de julio.<\/p>\n\n\n\n<p>Se trata de Mario Figueroa Dom\u00ednguez, de 32 a\u00f1os de edad; Cedrik Abdiel Ram\u00edrez Aguilar, de 19 a\u00f1os; Iv\u00e1n Aurelio Aguilar Villa, de 26 a\u00f1os; Iv\u00e1n Sosa Lagunes, de 32 a\u00f1os; y Marco Javier Reyes, de 30 a\u00f1os.<\/p>\n\n\n\n<p>Sus familiares protestaron, junto con colectivos dedicados a la b\u00fasqueda de desaparecidos, frente a Palacio de Gobierno, en Xalapa, la capital de Veracruz, para exigir la aparici\u00f3n con vida de los cinco.<\/p>\n\n\n\n<p>Las personas, temerosas, alzaron la voz y pidieron a la Fiscal\u00eda General del Estado (FGE), a cargo de Ver\u00f3nica Hern\u00e1ndez Giad\u00e1ns, que realice las investigaciones para dar con el paradero de los j\u00f3venes.<\/p>\n\n\n\n<p>\u201cHan venido algunas personas a declarar, pero con identidad resguardada, nada m\u00e1s han dicho que estuvieron el d\u00eda de los hechos. Un d\u00eda nos dijeron que alguien de los que vino a declarar, dijo que se los hab\u00edan llevado en unos autos, que no tra\u00edan armas largas, que eran cortas y que al parecer eran delincuencia organizada\u201d, comentaron.<\/p>\n\n\n\n<p>Los padres de Cedrik Abdiel, el m\u00e1s joven, confirmaron que hubo una conversaci\u00f3n v\u00eda WhatsApp con una de las amistades de su hijo a quien le dijeron: \u201ctu amigo ya fue\u201d, acompa\u00f1ado de un icono de una calavera, en alusi\u00f3n a que hab\u00eda sido asesinado.<\/p>\n\n\n\n<p>Se presume que los j\u00f3venes fueron levantados afuera del botanero \u201cMichelukas\u201d. Hab\u00edan llegado en el taxi Nissan-Tsuru, con n\u00famero XL-4533 de la regi\u00f3n Xalapa, mismo que fue localizado desvalijado en la comunidad de Chichicaxtle, ocho d\u00edas despu\u00e9s del suceso.<\/p>\n\n\n\n<p>Los familiares pidieron al gobernador Cuitl\u00e1huac Garc\u00eda Jim\u00e9nez que sea atendido el caso, pues tiene similitud con el caso de cinco j\u00f3venes que fueron secuestrados por presuntos polic\u00edas estatales en el municipio de Tierra Blanca, al sur de Veracruz, el 11 de enero de 2016.<\/p>\n\n\n\n<p>\u201cNo queremos que se repita un caso como el que sucedi\u00f3 en Tierra Blanca, con los cinco j\u00f3venes de Playa Vicente, donde las mismas autoridades y gobierno sab\u00edan de estos grupos delincuenciales y no hicieron nada\u201d, expresaron.<\/p>\n\n\n\n<p>A\u00f1adieron que fueron presentadas tres denuncias en la Fiscal\u00eda Especializada en Atenci\u00f3n de Denuncias por Personas Desaparecidas y las otras dos ante la Fiscal\u00eda Especializada en Combate al Secuestro; sin embargo, las carpetas de investigaci\u00f3n estaban mal clasificadas.<\/p>\n\n\n\n<p>Adem\u00e1s, pidieron a autoridades ministeriales que sea conformada una sola carpeta de investigaci\u00f3n, debido a que los j\u00f3venes son un grupo de amigos y estaban juntos cuando fueron v\u00edctimas de una desaparici\u00f3n forzada.<\/p>\n\n\n\n<p><\/p>\n","protected":false},"excerpt":{"rendered":"<p>Juan Arcos Xalapa, Ver.- Familiares de los cinco desaparecidos en el bar \u201cMichelukas\u201d, ubicado en la localidad Palo Gacho, municipio de Emiliano Zapata, revelaron que miembros de la delincuencia organizada participaron en el \u201clevant\u00f3n\u201d, el pasado 2 de julio. Se trata de Mario Figueroa Dom\u00ednguez, de 32 a\u00f1os de edad; Cedrik Abdiel Ram\u00edrez Aguilar, de [&hellip;]<\/p>\n","protected":false},"author":1,"featured_media":5367,"comment_status":"open","ping_status":"open","sticky":false,"template":"","format":"standard","meta":{"_jetpack_memberships_contains_paid_content":false,"footnotes":""},"categories":[8],"tags":[],"class_list":["post-5366","post","type-post","status-publish","format-standard","has-post-thumbnail","hentry","category-region"],"jetpack_featured_media_url":"https:\/\/encuentroinformativo.com.mx\/wp-content\/uploads\/2020\/08\/B1D3ED97-7A55-404F-AD42-B9A515685993.jpeg","jetpack_sharing_enabled":true,"jetpack_likes_enabled":true,"amp_enabled":true,"_links":{"self":[{"href":"https:\/\/encuentroinformativo.com.mx\/index.php?rest_route=\/wp\/v2\/posts\/5366","targetHints":{"allow":["GET"]}}],"collection":[{"href":"https:\/\/encuentroinformativo.com.mx\/index.php?rest_route=\/wp\/v2\/posts"}],"about":[{"href":"https:\/\/encuentroinformativo.com.mx\/index.php?rest_route=\/wp\/v2\/types\/post"}],"author":[{"embeddable":true,"href":"https:\/\/encuentroinformativo.com.mx\/index.php?rest_route=\/wp\/v2\/users\/1"}],"replies":[{"embeddable":true,"href":"https:\/\/encuentroinformativo.com.mx\/index.php?rest_route=%2Fwp%2Fv2%2Fcomments&post=5366"}],"version-history":[{"count":1,"href":"https:\/\/encuentroinformativo.com.mx\/index.php?rest_route=\/wp\/v2\/posts\/5366\/revisions"}],"predecessor-version":[{"id":5368,"href":"https:\/\/encuentroinformativo.com.mx\/index.php?rest_route=\/wp\/v2\/posts\/5366\/revisions\/5368"}],"wp:featuredmedia":[{"embeddable":true,"href":"https:\/\/encuentroinformativo.com.mx\/index.php?rest_route=\/wp\/v2\/media\/5367"}],"wp:attachment":[{"href":"https:\/\/encuentroinformativo.com.mx\/index.php?rest_route=%2Fwp%2Fv2%2Fmedia&parent=5366"}],"wp:term":[{"taxonomy":"category","embeddable":true,"href":"https:\/\/encuentroinformativo.com.mx\/index.php?rest_route=%2Fwp%2Fv2%2Fcategories&post=5366"},{"taxonomy":"post_tag","embeddable":true,"href":"https:\/\/encuentroinformativo.com.mx\/index.php?rest_route=%2Fwp%2Fv2%2Ftags&post=5366"}],"curies":[{"name":"wp","href":"https:\/\/api.w.org\/{rel}","templated":true}]}}