{"id":53663,"date":"2024-04-26T11:28:41","date_gmt":"2024-04-26T17:28:41","guid":{"rendered":"https:\/\/encuentroinformativo.com.mx\/?p=53663"},"modified":"2024-04-26T11:28:56","modified_gmt":"2024-04-26T17:28:56","slug":"morena-confiscaria-40-mil-millones-de-pesos-de-ahorro-de-los-mexicanos-acusa-senador","status":"publish","type":"post","link":"https:\/\/encuentroinformativo.com.mx\/?p=53663","title":{"rendered":"Morena confiscar\u00eda 40 mil millones de pesos de ahorro de los mexicanos, acusa Senador"},"content":{"rendered":"\n<p><strong>Alejandro \u00c1vila<\/strong><\/p>\n\n\n\n<p>Veracruz, Ver.- Al aprobar la Ley de Amparo que propuso el presidente, Andr\u00e9s Manuel L\u00f3pez Obrador, los mexicanos no podr\u00e1n reclamar sus Afores; es decir, le ser\u00edan confiscados 40 mil millones de pesos de ahorros que no han sido reclamados por sus beneficiarios, puntualiz\u00f3 el Senador, Julen Rementer\u00eda del Puerto.<\/p>\n\n\n\n<p>Al presentar voto particular a un dictamen que contiene una minuta para la creaci\u00f3n del Fondo de Pensiones para el Bienestar y con ello el gobierno se quede con 40 mil millones de pesos de las Afores no reclamadas por personas de 70 a\u00f1os o m\u00e1s, el Coordinador de las y los senadores del Partido Acci\u00f3n Nacional (PAN), Julen Rementer\u00eda del Puerto, sentenci\u00f3 que derivado de la Ley de Amparo promovida tambi\u00e9n por Morena, los derechohabientes no podr\u00e1n reclamar sus recursos.<\/p>\n\n\n\n<p>\u201cAhora entendemos y hace congruencia por qu\u00e9 la Ley de Amparo y la prisa que ten\u00edan, porque saben que s\u00f3lo con un trabajador que se pudiera amparar contra esta barbaridad podr\u00eda a lo mejor con los efectos generales de la protecci\u00f3n federal, de la justicia federal, llegar a conseguir que para todos les cubriera este beneficio, y con la Ley de Amparo, pues evidentemente ya no puede ser m\u00e1s que de manera individual\u201d, inform\u00f3.<\/p>\n\n\n\n<p>Rementer\u00eda del Puerto destac\u00f3 que, coincidentemente tuvieron mucha prisa la aprobaci\u00f3n de la reforma a la Ley de Amparo, ya que su intenci\u00f3n es que los trabajadores que tienen su retiro en las Afores, no se puedan defender ante el \u201crobo que est\u00e1 haciendo la 4T\u201d.<\/p>\n\n\n\n<p>\u201cHoy estamos realmente sorprendidos como nunca, porque hemos conocido a lo largo de estos casi ya seis a\u00f1os, de las muchas cosas que se han hecho al amparo del beneficio de los trabajadores, de la gente que menos tiene, de la defensa de los pobres que tanto les gusta invocar, pero hoy realmente est\u00e1n quit\u00e1ndose la m\u00e1scara de qui\u00e9nes son verdaderamente los que est\u00e1n lastimando a la poblaci\u00f3n de este pa\u00eds, y esos son ustedes, quieren evitar a toda costa que los trabajadores reclamen sus ahorros y as\u00ed vayan tranquilamente al Fondo de Pensiones del Bienestar\u201d, expres\u00f3.<\/p>\n\n\n\n<p>El l\u00edder de la bancada panista remarc\u00f3 que se est\u00e1 ante una situaci\u00f3n indefendible para los due\u00f1os de quienes est\u00e1n bajo el r\u00e9gimen de la Administradora de Fondos para el Retiro.<\/p>\n\n\n\n<p>\u201cQuieren quedarse con un dinero que les corresponde a los trabajadores, por eso decidieron eliminar de un plumazo el derecho individual de las personas a recurrir a la defensa jur\u00eddica, y mienten diciendo que pretenden financiar este fondo con las utilidades de sus obras, \u00bfCu\u00e1les? \u00bfCu\u00e1les utilidades, por favor, del AIFA? \u00bfDe Mexicana de Aviaci\u00f3n? \u00bfDel Tren Maya? Ninguna de esas empresas que, en los pr\u00f3ximos a\u00f1os no van a tener posibilidad de retirarles un solo peso. Al contrario, est\u00e1n demandando m\u00e1s recursos\u201d, concluy\u00f3.<\/p>\n","protected":false},"excerpt":{"rendered":"<p>Alejandro \u00c1vila Veracruz, Ver.- Al aprobar la Ley de Amparo que propuso el presidente, Andr\u00e9s Manuel L\u00f3pez Obrador, los mexicanos no podr\u00e1n reclamar sus Afores; es decir, le ser\u00edan confiscados 40 mil millones de pesos de ahorros que no han sido reclamados por sus beneficiarios, puntualiz\u00f3 el Senador, Julen Rementer\u00eda del Puerto. Al presentar voto [&hellip;]<\/p>\n","protected":false},"author":2476,"featured_media":53664,"comment_status":"open","ping_status":"open","sticky":false,"template":"","format":"standard","meta":{"_jetpack_memberships_contains_paid_content":false,"footnotes":""},"categories":[12],"tags":[],"class_list":["post-53663","post","type-post","status-publish","format-standard","has-post-thumbnail","hentry","category-nacional"],"jetpack_featured_media_url":"https:\/\/encuentroinformativo.com.mx\/wp-content\/uploads\/2024\/04\/IMG-20240426-WA0023.jpg","jetpack_sharing_enabled":true,"jetpack_likes_enabled":true,"amp_enabled":true,"_links":{"self":[{"href":"https:\/\/encuentroinformativo.com.mx\/index.php?rest_route=\/wp\/v2\/posts\/53663","targetHints":{"allow":["GET"]}}],"collection":[{"href":"https:\/\/encuentroinformativo.com.mx\/index.php?rest_route=\/wp\/v2\/posts"}],"about":[{"href":"https:\/\/encuentroinformativo.com.mx\/index.php?rest_route=\/wp\/v2\/types\/post"}],"author":[{"embeddable":true,"href":"https:\/\/encuentroinformativo.com.mx\/index.php?rest_route=\/wp\/v2\/users\/2476"}],"replies":[{"embeddable":true,"href":"https:\/\/encuentroinformativo.com.mx\/index.php?rest_route=%2Fwp%2Fv2%2Fcomments&post=53663"}],"version-history":[{"count":1,"href":"https:\/\/encuentroinformativo.com.mx\/index.php?rest_route=\/wp\/v2\/posts\/53663\/revisions"}],"predecessor-version":[{"id":53665,"href":"https:\/\/encuentroinformativo.com.mx\/index.php?rest_route=\/wp\/v2\/posts\/53663\/revisions\/53665"}],"wp:featuredmedia":[{"embeddable":true,"href":"https:\/\/encuentroinformativo.com.mx\/index.php?rest_route=\/wp\/v2\/media\/53664"}],"wp:attachment":[{"href":"https:\/\/encuentroinformativo.com.mx\/index.php?rest_route=%2Fwp%2Fv2%2Fmedia&parent=53663"}],"wp:term":[{"taxonomy":"category","embeddable":true,"href":"https:\/\/encuentroinformativo.com.mx\/index.php?rest_route=%2Fwp%2Fv2%2Fcategories&post=53663"},{"taxonomy":"post_tag","embeddable":true,"href":"https:\/\/encuentroinformativo.com.mx\/index.php?rest_route=%2Fwp%2Fv2%2Ftags&post=53663"}],"curies":[{"name":"wp","href":"https:\/\/api.w.org\/{rel}","templated":true}]}}