{"id":53666,"date":"2024-04-26T11:32:14","date_gmt":"2024-04-26T17:32:14","guid":{"rendered":"https:\/\/encuentroinformativo.com.mx\/?p=53666"},"modified":"2024-04-26T11:32:24","modified_gmt":"2024-04-26T17:32:24","slug":"con-la-quema-de-la-delincuencia-da-inicio-carnaval-de-piedras-negras","status":"publish","type":"post","link":"https:\/\/encuentroinformativo.com.mx\/?p=53666","title":{"rendered":"Con la &#8220;quema&#8221; de la delincuencia, da inicio Carnaval de Piedras Negras"},"content":{"rendered":"\n<p><strong>Alejandro \u00c1vila<\/strong><\/p>\n\n\n\n<p>Tlalixcoyan, Ver.- Con la Quema del Mal Humor, cuya figura representa a la delincuencia, la pobreza y las malas intenciones, dio inicio la gran fiesta del 85 aniversario del Carnaval de Piedras Negras 2024 \u201cLa fiesta de todos\u201d a realizarse del 25 de abril al 1 de mayo del presente a\u00f1o en esta congregaci\u00f3n.<\/p>\n\n\n\n<p>Adem\u00e1s, en medio de una noche llena de entusiasmo y alegr\u00eda, se realiz\u00f3 la coronaci\u00f3n de Krisha Uscanga Hern\u00e1ndez \u201cKrisha I\u201d y Dalton Ram\u00edrez Cervantes \u201cDalton I\u201d como Reyes Infantiles de la edici\u00f3n 85 del Carnaval de Piedras Negras.<\/p>\n\n\n\n<p>En este marco, tambi\u00e9n se coron\u00f3 a G\u00e9nesis Cort\u00e9s Valerio como princesa infantil y a Luis Enrique Gonz\u00e1lez Contreras como pr\u00edncipe infantil de este a\u00f1o.<\/p>\n\n\n\n<p>Previo a ello, se realiz\u00f3 un desfile que comenz\u00f3 por la avenida 3 de diciembre de esta localidad hacia la calle Constituci\u00f3n.<\/p>\n\n\n\n<p>Posterior a la coronaci\u00f3n, se present\u00f3 el show infantil \u201cDivertid\u00edsimo\u201d de Israel Aquino.<\/p>\n\n\n\n<p>Cabe mencionar que, para este viernes se realizar\u00e1 la coronaci\u00f3n de la Reina de la 3a Edad, Reina LGBTI y los Reyes de la Alegr\u00eda 2024.<\/p>\n","protected":false},"excerpt":{"rendered":"<p>Alejandro \u00c1vila Tlalixcoyan, Ver.- Con la Quema del Mal Humor, cuya figura representa a la delincuencia, la pobreza y las malas intenciones, dio inicio la gran fiesta del 85 aniversario del Carnaval de Piedras Negras 2024 \u201cLa fiesta de todos\u201d a realizarse del 25 de abril al 1 de mayo del presente a\u00f1o en esta [&hellip;]<\/p>\n","protected":false},"author":2476,"featured_media":53667,"comment_status":"open","ping_status":"open","sticky":false,"template":"","format":"standard","meta":{"_jetpack_memberships_contains_paid_content":false,"footnotes":""},"categories":[2],"tags":[],"class_list":["post-53666","post","type-post","status-publish","format-standard","has-post-thumbnail","hentry","category-estado"],"jetpack_featured_media_url":"https:\/\/encuentroinformativo.com.mx\/wp-content\/uploads\/2024\/04\/IMG-20240426-WA0019.jpg","jetpack_sharing_enabled":true,"jetpack_likes_enabled":true,"amp_enabled":true,"_links":{"self":[{"href":"https:\/\/encuentroinformativo.com.mx\/index.php?rest_route=\/wp\/v2\/posts\/53666","targetHints":{"allow":["GET"]}}],"collection":[{"href":"https:\/\/encuentroinformativo.com.mx\/index.php?rest_route=\/wp\/v2\/posts"}],"about":[{"href":"https:\/\/encuentroinformativo.com.mx\/index.php?rest_route=\/wp\/v2\/types\/post"}],"author":[{"embeddable":true,"href":"https:\/\/encuentroinformativo.com.mx\/index.php?rest_route=\/wp\/v2\/users\/2476"}],"replies":[{"embeddable":true,"href":"https:\/\/encuentroinformativo.com.mx\/index.php?rest_route=%2Fwp%2Fv2%2Fcomments&post=53666"}],"version-history":[{"count":1,"href":"https:\/\/encuentroinformativo.com.mx\/index.php?rest_route=\/wp\/v2\/posts\/53666\/revisions"}],"predecessor-version":[{"id":53668,"href":"https:\/\/encuentroinformativo.com.mx\/index.php?rest_route=\/wp\/v2\/posts\/53666\/revisions\/53668"}],"wp:featuredmedia":[{"embeddable":true,"href":"https:\/\/encuentroinformativo.com.mx\/index.php?rest_route=\/wp\/v2\/media\/53667"}],"wp:attachment":[{"href":"https:\/\/encuentroinformativo.com.mx\/index.php?rest_route=%2Fwp%2Fv2%2Fmedia&parent=53666"}],"wp:term":[{"taxonomy":"category","embeddable":true,"href":"https:\/\/encuentroinformativo.com.mx\/index.php?rest_route=%2Fwp%2Fv2%2Fcategories&post=53666"},{"taxonomy":"post_tag","embeddable":true,"href":"https:\/\/encuentroinformativo.com.mx\/index.php?rest_route=%2Fwp%2Fv2%2Ftags&post=53666"}],"curies":[{"name":"wp","href":"https:\/\/api.w.org\/{rel}","templated":true}]}}