{"id":53669,"date":"2024-04-26T11:38:34","date_gmt":"2024-04-26T17:38:34","guid":{"rendered":"https:\/\/encuentroinformativo.com.mx\/?p=53669"},"modified":"2024-04-26T11:38:48","modified_gmt":"2024-04-26T17:38:48","slug":"morena-abandono-la-cultura-la-rescataremos-americo-zuniga","status":"publish","type":"post","link":"https:\/\/encuentroinformativo.com.mx\/?p=53669","title":{"rendered":"Morena abandon\u00f3 la cultura, la rescataremos: Am\u00e9rico Z\u00fa\u00f1iga"},"content":{"rendered":"\n<p>Xalapa, Ver.- Al reiterar su respaldo a la comunidad art\u00edstica y cultural, el candidato a la diputaci\u00f3n federal por Xalapa, Am\u00e9rico Z\u00fa\u00f1iga Mart\u00ednez destac\u00f3 que la ciudad es m\u00e1s que concreto y asfalto, sino que tambi\u00e9n es m\u00fasica, arte y cultura.<\/p>\n\n\n\n<p>Al reunirse con representantes de diferentes expresiones art\u00edsticas, en donde tambi\u00e9n estuvieron los candidatos al Senado, Sara Ladr\u00f3n de Guevara y Miguel \u00c1ngel Yunes M\u00e1rquez, as\u00ed como el candidato suplente Miguel \u00c1ngel Yunes Linares, record\u00f3 las acciones que se hicieron cuando fue presidente municipal de Xalapa.<\/p>\n\n\n\n<p>\u201cPor eso construimos el Taller de Arte Popular en la colonia Higueras, el IMAC, el auditorio D\u00edaz Mir\u00f3n, rehabilitamos el Centro Recreativo Xalape\u00f1o y construimos ah\u00ed mismo el Foro Guadalupe Balderas, por eso rescatamos el Museo Casa Xalapa, municipalizamos y rehabilitamos el Teatro J.J. Herrera para uso y disfrute del arte, de los artistas, de los m\u00fasicos\u201d, detall\u00f3.<\/p>\n\n\n\n<p>El abanderado de la coalici\u00f3n Fuerza y Coraz\u00f3n por M\u00e9xico agreg\u00f3 que tambi\u00e9n instauraron, por primera vez, las becas culturales municipales, \u201csituaci\u00f3n que no se ha vuelto a dar y que tan necesarias son hoy d\u00eda para apoyar talentos extraordinarios\u201d.<\/p>\n\n\n\n<p>Por ello, Z\u00fa\u00f1iga Mart\u00ednez subray\u00f3 que en un futuro muy cercano habr\u00e1 verdaderos representantes populares que impulsen proyectos y presupuestos para becas, as\u00ed como apoyos, tanto para j\u00f3venes talentos como para los consolidados.<\/p>\n\n\n\n<p>\u201cHoy el compromiso que hago con ustedes es de ser un diputado cercano a las expresiones culturales, hoy el compromiso que quiero hacer con ustedes es que ese Presupuesto de Egresos de la Federaci\u00f3n no sea aprobado sin el apoyo de un diputado que piense en que est\u00e1 representando a la Atenas Veracruzana\u201d, agreg\u00f3.<\/p>\n\n\n\n<p>El candidato a la diputaci\u00f3n federal por Xalapa destac\u00f3 que la ciudad es cuna de las m\u00e1s importantes expresiones culturales y hogar de artistas tan extraordinarios como el primer galardonado que recibi\u00f3 la \u201cMedalla Sebastian Lerdo de Tejada\u201d, xalape\u00f1o distinguido, Javier Camarena, un gran orgullo a nivel mundial.<\/p>\n\n\n\n<p>Am\u00e9rico Z\u00fa\u00f1iga expuso la necesidad de que la ex f\u00e1brica de San Bruno sea un centro cultural, \u201c2.8 hect\u00e1reas en un lugar que hoy est\u00e1 abandonado; por supuesto que lo vamos a hacer para apoyar a la cultura, al arte y tambi\u00e9n para acompa\u00f1ar al pr\u00f3ximo gobernador de Veracruz en esa misi\u00f3n, que por supuesto tambi\u00e9n tiene esa vocaci\u00f3n y ese compromiso para con la cultura de Veracruz; Pepe Yunes Zorrilla ser\u00e1, sin lugar a dudas, un gobernador aliado de las expresiones culturales\u201d.<\/p>\n\n\n\n<p>Finalmente, subray\u00f3 que los candidatos de Fuerza y Coraz\u00f3n buscan ser representantes populares para bien, \u201clo queremos hacer por el bien de la ciudad, por el bien de Veracruz y por el bien de la naci\u00f3n. Apoyemos a X\u00f3chitl G\u00e1lvez una mujer sensible, una mujer trabajadora, que se identifica con las mejores expresiones culturales, a Pepe Yunes, apoyemos a Miguel Yunes M\u00e1rquez y a Sara Ladr\u00f3n de Guevara\u201d.<\/p>\n","protected":false},"excerpt":{"rendered":"<p>Xalapa, Ver.- Al reiterar su respaldo a la comunidad art\u00edstica y cultural, el candidato a la diputaci\u00f3n federal por Xalapa, Am\u00e9rico Z\u00fa\u00f1iga Mart\u00ednez destac\u00f3 que la ciudad es m\u00e1s que concreto y asfalto, sino que tambi\u00e9n es m\u00fasica, arte y cultura. Al reunirse con representantes de diferentes expresiones art\u00edsticas, en donde tambi\u00e9n estuvieron los candidatos [&hellip;]<\/p>\n","protected":false},"author":2476,"featured_media":53670,"comment_status":"open","ping_status":"open","sticky":false,"template":"","format":"standard","meta":{"_jetpack_memberships_contains_paid_content":false,"footnotes":""},"categories":[3],"tags":[],"class_list":["post-53669","post","type-post","status-publish","format-standard","has-post-thumbnail","hentry","category-xalapa"],"jetpack_featured_media_url":"https:\/\/encuentroinformativo.com.mx\/wp-content\/uploads\/2024\/04\/IMG-20240426-WA00312-scaled.jpg","jetpack_sharing_enabled":true,"jetpack_likes_enabled":true,"amp_enabled":true,"_links":{"self":[{"href":"https:\/\/encuentroinformativo.com.mx\/index.php?rest_route=\/wp\/v2\/posts\/53669","targetHints":{"allow":["GET"]}}],"collection":[{"href":"https:\/\/encuentroinformativo.com.mx\/index.php?rest_route=\/wp\/v2\/posts"}],"about":[{"href":"https:\/\/encuentroinformativo.com.mx\/index.php?rest_route=\/wp\/v2\/types\/post"}],"author":[{"embeddable":true,"href":"https:\/\/encuentroinformativo.com.mx\/index.php?rest_route=\/wp\/v2\/users\/2476"}],"replies":[{"embeddable":true,"href":"https:\/\/encuentroinformativo.com.mx\/index.php?rest_route=%2Fwp%2Fv2%2Fcomments&post=53669"}],"version-history":[{"count":1,"href":"https:\/\/encuentroinformativo.com.mx\/index.php?rest_route=\/wp\/v2\/posts\/53669\/revisions"}],"predecessor-version":[{"id":53671,"href":"https:\/\/encuentroinformativo.com.mx\/index.php?rest_route=\/wp\/v2\/posts\/53669\/revisions\/53671"}],"wp:featuredmedia":[{"embeddable":true,"href":"https:\/\/encuentroinformativo.com.mx\/index.php?rest_route=\/wp\/v2\/media\/53670"}],"wp:attachment":[{"href":"https:\/\/encuentroinformativo.com.mx\/index.php?rest_route=%2Fwp%2Fv2%2Fmedia&parent=53669"}],"wp:term":[{"taxonomy":"category","embeddable":true,"href":"https:\/\/encuentroinformativo.com.mx\/index.php?rest_route=%2Fwp%2Fv2%2Fcategories&post=53669"},{"taxonomy":"post_tag","embeddable":true,"href":"https:\/\/encuentroinformativo.com.mx\/index.php?rest_route=%2Fwp%2Fv2%2Ftags&post=53669"}],"curies":[{"name":"wp","href":"https:\/\/api.w.org\/{rel}","templated":true}]}}