{"id":53675,"date":"2024-04-26T12:11:04","date_gmt":"2024-04-26T18:11:04","guid":{"rendered":"https:\/\/encuentroinformativo.com.mx\/?p=53675"},"modified":"2024-04-26T12:11:16","modified_gmt":"2024-04-26T18:11:16","slug":"siempre-si-realizaran-maraton-atenas-veracruzana","status":"publish","type":"post","link":"https:\/\/encuentroinformativo.com.mx\/?p=53675","title":{"rendered":"\u00a1Siempre s\u00ed! Realizar\u00e1n marat\u00f3n Atenas Veracruzana"},"content":{"rendered":"\n<p><strong>Juan Arcos\u00a0<\/strong><\/p>\n\n\n\n<p>Xalapa, Ver.- El \u201cMarat\u00f3n Atenas Veracruzana Xalapa\u201d, que hab\u00eda sido cancelado por la falta de apoyo de la Direcci\u00f3n General de Tr\u00e1nsito y Seguridad Vial (Dgtsv), s\u00ed se llevar\u00e1 a cabo en la capital del estado.<\/p>\n\n\n\n<p>Los organizadores dieron a conocer que esto se logr\u00f3 luego de la manifestaci\u00f3n afuera del Palacio de Gobierno y Palacio Municipal, en la zona centro de la ciudad, donde exigieron la realizaci\u00f3n del evento deportivo.<\/p>\n\n\n\n<p>Reci\u00e9n se hab\u00eda dado a conocer que el marat\u00f3n no se llevar\u00eda a cabo, por lo que cerca de 2 mil 700 corredores se quedar\u00edan sin competir.<\/p>\n\n\n\n<p>A trav\u00e9s del oficio SSP\/DGTSV\/DG\/0880\/2024, con fecha del 24 de abril de 2024, la Direcci\u00f3n General de Tr\u00e1nsito y Seguridad Vial del Estado indic\u00f3 que no era posible brindar apoyo en el marat\u00f3n, debido a la carga administrativa de dicha dependencia.<\/p>\n\n\n\n<p>Por lo anterior, se hab\u00eda determinado posponer el marat\u00f3n en su quinta edici\u00f3n; sin embargo, despu\u00e9s de dialogar con las autoridades para escuchar sus inquietudes por la protesta, se acord\u00f3 seguir con el evento deportivo el pr\u00f3ximo domingo 28 de abril, con algunas adecuaciones que ser\u00e1n informadas m\u00e1s adelante.<\/p>\n\n\n\n<p>\u201cNos complace comunicarles que el Marat\u00f3n Atenas Veracruzana Xalapa se llevar\u00e1 a cabo como estaba establecido con algunos ajustes que se dan a conocer enseguida, es importante mencionar que este evento es organizado por la Asociaci\u00f3n Menos Kilos Mas Vida y no por el Gobierno del Estado de Veracruz\u201d, dice el mensaje que publicaron en redes sociales alrededor de las diez de la noche.<\/p>\n\n\n\n<p>Los atletas protestaron despu\u00e9s de las seis de la tarde del jueves y por la noche fueron recibidos por autoridades para dar seguimiento a sus demandas.<\/p>\n","protected":false},"excerpt":{"rendered":"<p>Juan Arcos\u00a0 Xalapa, Ver.- El \u201cMarat\u00f3n Atenas Veracruzana Xalapa\u201d, que hab\u00eda sido cancelado por la falta de apoyo de la Direcci\u00f3n General de Tr\u00e1nsito y Seguridad Vial (Dgtsv), s\u00ed se llevar\u00e1 a cabo en la capital del estado. Los organizadores dieron a conocer que esto se logr\u00f3 luego de la manifestaci\u00f3n afuera del Palacio de [&hellip;]<\/p>\n","protected":false},"author":2476,"featured_media":53676,"comment_status":"open","ping_status":"open","sticky":false,"template":"","format":"standard","meta":{"_jetpack_memberships_contains_paid_content":false,"footnotes":""},"categories":[3],"tags":[],"class_list":["post-53675","post","type-post","status-publish","format-standard","has-post-thumbnail","hentry","category-xalapa"],"jetpack_featured_media_url":"https:\/\/encuentroinformativo.com.mx\/wp-content\/uploads\/2024\/04\/IMG_4882.jpg","jetpack_sharing_enabled":true,"jetpack_likes_enabled":true,"amp_enabled":true,"_links":{"self":[{"href":"https:\/\/encuentroinformativo.com.mx\/index.php?rest_route=\/wp\/v2\/posts\/53675","targetHints":{"allow":["GET"]}}],"collection":[{"href":"https:\/\/encuentroinformativo.com.mx\/index.php?rest_route=\/wp\/v2\/posts"}],"about":[{"href":"https:\/\/encuentroinformativo.com.mx\/index.php?rest_route=\/wp\/v2\/types\/post"}],"author":[{"embeddable":true,"href":"https:\/\/encuentroinformativo.com.mx\/index.php?rest_route=\/wp\/v2\/users\/2476"}],"replies":[{"embeddable":true,"href":"https:\/\/encuentroinformativo.com.mx\/index.php?rest_route=%2Fwp%2Fv2%2Fcomments&post=53675"}],"version-history":[{"count":1,"href":"https:\/\/encuentroinformativo.com.mx\/index.php?rest_route=\/wp\/v2\/posts\/53675\/revisions"}],"predecessor-version":[{"id":53677,"href":"https:\/\/encuentroinformativo.com.mx\/index.php?rest_route=\/wp\/v2\/posts\/53675\/revisions\/53677"}],"wp:featuredmedia":[{"embeddable":true,"href":"https:\/\/encuentroinformativo.com.mx\/index.php?rest_route=\/wp\/v2\/media\/53676"}],"wp:attachment":[{"href":"https:\/\/encuentroinformativo.com.mx\/index.php?rest_route=%2Fwp%2Fv2%2Fmedia&parent=53675"}],"wp:term":[{"taxonomy":"category","embeddable":true,"href":"https:\/\/encuentroinformativo.com.mx\/index.php?rest_route=%2Fwp%2Fv2%2Fcategories&post=53675"},{"taxonomy":"post_tag","embeddable":true,"href":"https:\/\/encuentroinformativo.com.mx\/index.php?rest_route=%2Fwp%2Fv2%2Ftags&post=53675"}],"curies":[{"name":"wp","href":"https:\/\/api.w.org\/{rel}","templated":true}]}}