{"id":53695,"date":"2024-04-26T17:16:02","date_gmt":"2024-04-26T23:16:02","guid":{"rendered":"https:\/\/encuentroinformativo.com.mx\/?p=53695"},"modified":"2024-04-26T17:16:10","modified_gmt":"2024-04-26T23:16:10","slug":"responsabilidad-del-congreso-modificar-ley-de-personas-desaparecidas-veronica-hernandez","status":"publish","type":"post","link":"https:\/\/encuentroinformativo.com.mx\/?p=53695","title":{"rendered":"Responsabilidad del Congreso modificar Ley de Personas Desaparecidas: Ver\u00f3nica Hern\u00e1ndez"},"content":{"rendered":"\n<p><strong>Dar\u00edo Pale <\/strong><\/p>\n\n\n\n<p>Xalapa, Ver.- Los diputados locales siempre han mostrado disposici\u00f3n para fortalecer a las instituciones y todos los mecanismos de los colectivos de b\u00fasqueda de personas desaparecidas, as\u00ed lo dio a conocer la fiscal general del Estado, Ver\u00f3nica Hern\u00e1ndez Giad\u00e1ns.<\/p>\n\n\n\n<p>En entrevista previo a la reuni\u00f3n con los colectivos de b\u00fasqueda de desaparecidos coment\u00f3 que hay que referir que algunos colectivos han propuesto que se pueda modificar la Ley General de Personas Desaparecidas y los registros de desapariciones.<\/p>\n\n\n\n<p>Por lo que en ese sentido, la Fiscal coment\u00f3 que esto es una atribuci\u00f3n del Congreso del Estado.<\/p>\n\n\n\n<p>\u201cEstoy segura que siempre se ha manifestado por parte de los diputados la disposici\u00f3n de fortalecer a las instituciones y todos los mecanismos para fortalecer todo lo que tiene que ver con el trabajo de colectivos\u201d, se\u00f1al\u00f3.<\/p>\n\n\n\n<p>Previo a ingresar a la reuni\u00f3n del Mecanismo Estatal de Coordinaci\u00f3n con los colectivos y el gobernador Cuitl\u00e1huac Garc\u00eda, sostuvo que s\u00ed se han atendido las peticiones de los diversos colectivos de b\u00fasqueda de personas desaparecidas.<\/p>\n\n\n\n<p>Hern\u00e1ndez Giad\u00e1ns estim\u00f3 que ser\u00e1 una reuni\u00f3n de avances, de informaci\u00f3n y de cumplimientos a acuerdos previos.<\/p>\n\n\n\n<p>Hay que referir que algunas integrantes de colectivos de b\u00fasqueda han considerado que es necesario hacer una revisi\u00f3n a la Ley y tambi\u00e9n a las fallas, debido a los grandes vac\u00edos que hay en la Comisi\u00f3n de B\u00fasqueda.<\/p>\n\n\n\n<p>Finalmente coment\u00f3 que, los colectivos no est\u00e1n de acuerdo en que la titular de la Comisi\u00f3n se designe por dedazo y que desde el 2019 haya encargada de despacho y no una titular.<\/p>\n","protected":false},"excerpt":{"rendered":"<p>Dar\u00edo Pale Xalapa, Ver.- Los diputados locales siempre han mostrado disposici\u00f3n para fortalecer a las instituciones y todos los mecanismos de los colectivos de b\u00fasqueda de personas desaparecidas, as\u00ed lo dio a conocer la fiscal general del Estado, Ver\u00f3nica Hern\u00e1ndez Giad\u00e1ns. En entrevista previo a la reuni\u00f3n con los colectivos de b\u00fasqueda de desaparecidos coment\u00f3 [&hellip;]<\/p>\n","protected":false},"author":2476,"featured_media":53696,"comment_status":"open","ping_status":"open","sticky":false,"template":"","format":"standard","meta":{"_jetpack_memberships_contains_paid_content":false,"footnotes":""},"categories":[2],"tags":[],"class_list":["post-53695","post","type-post","status-publish","format-standard","has-post-thumbnail","hentry","category-estado"],"jetpack_featured_media_url":"https:\/\/encuentroinformativo.com.mx\/wp-content\/uploads\/2024\/04\/IMG-20240426-WA0075.jpg","jetpack_sharing_enabled":true,"jetpack_likes_enabled":true,"amp_enabled":true,"_links":{"self":[{"href":"https:\/\/encuentroinformativo.com.mx\/index.php?rest_route=\/wp\/v2\/posts\/53695","targetHints":{"allow":["GET"]}}],"collection":[{"href":"https:\/\/encuentroinformativo.com.mx\/index.php?rest_route=\/wp\/v2\/posts"}],"about":[{"href":"https:\/\/encuentroinformativo.com.mx\/index.php?rest_route=\/wp\/v2\/types\/post"}],"author":[{"embeddable":true,"href":"https:\/\/encuentroinformativo.com.mx\/index.php?rest_route=\/wp\/v2\/users\/2476"}],"replies":[{"embeddable":true,"href":"https:\/\/encuentroinformativo.com.mx\/index.php?rest_route=%2Fwp%2Fv2%2Fcomments&post=53695"}],"version-history":[{"count":1,"href":"https:\/\/encuentroinformativo.com.mx\/index.php?rest_route=\/wp\/v2\/posts\/53695\/revisions"}],"predecessor-version":[{"id":53697,"href":"https:\/\/encuentroinformativo.com.mx\/index.php?rest_route=\/wp\/v2\/posts\/53695\/revisions\/53697"}],"wp:featuredmedia":[{"embeddable":true,"href":"https:\/\/encuentroinformativo.com.mx\/index.php?rest_route=\/wp\/v2\/media\/53696"}],"wp:attachment":[{"href":"https:\/\/encuentroinformativo.com.mx\/index.php?rest_route=%2Fwp%2Fv2%2Fmedia&parent=53695"}],"wp:term":[{"taxonomy":"category","embeddable":true,"href":"https:\/\/encuentroinformativo.com.mx\/index.php?rest_route=%2Fwp%2Fv2%2Fcategories&post=53695"},{"taxonomy":"post_tag","embeddable":true,"href":"https:\/\/encuentroinformativo.com.mx\/index.php?rest_route=%2Fwp%2Fv2%2Ftags&post=53695"}],"curies":[{"name":"wp","href":"https:\/\/api.w.org\/{rel}","templated":true}]}}