{"id":537,"date":"2020-03-08T16:54:37","date_gmt":"2020-03-08T22:54:37","guid":{"rendered":"https:\/\/encuentroinformativo.com\/?p=537"},"modified":"2020-03-08T16:54:37","modified_gmt":"2020-03-08T22:54:37","slug":"suplente-pide-a-congreso-llamarlo-para-asumir-alcaldia-de-actopan","status":"publish","type":"post","link":"https:\/\/encuentroinformativo.com.mx\/?p=537","title":{"rendered":"Suplente pide a Congreso llamarlo para asumir alcald\u00eda de Actopan"},"content":{"rendered":"\n<p><strong>Juan Arcos <\/strong><\/p>\n\n\n\n<p>Xalapa, Ver.- El alcalde suplente de Actopan, Jos\u00e9 Alfredo L\u00f3pez Carreto, entreg\u00f3 un oficio al Congreso del Estado para solicitar que se respete su derecho para asumir su responsabilidad como presidente municipal.<\/p>\n\n\n\n<p>El documento fue dirigido al secretario general del Congreso de Veracruz, Domingo Bahena Corbal\u00e1.<\/p>\n\n\n\n<p>El 4 de marzo, en la Gaceta Oficial, fue publicado el Decreto n\u00famero 554 que revoca mandato a Jos\u00e9 Paulino Dom\u00ednguez S\u00e1nchez y Lucero Jazm\u00edn Palmeros Barradas.\u00a0<br>Sin embargo, hasta el momento no han sido nombradas las personas que ocupar\u00e1n ambos cargos.<\/p>\n\n\n\n<p>\u201cSolicito a esta soberan\u00eda de manera respetuosa cumpla con el decreto n\u00famero 554 para asumir mi responsabilidad como alcalde en el municipio de Actopan\u201d, se lee.<\/p>\n\n\n\n<p>Entre las atribuciones del Congreso local se encuentra: aprobar, con el voto de las dos terceras partes de sus integrantes.<\/p>\n\n\n\n<p>El oficio fue entregado el 5 de marzo y en el se observa la firma del Alcalde suplente.<\/p>\n\n\n\n<p>En la \u00faltima l\u00ednea, L\u00f3pez Carreto insiste: \u201cse me tom\u00e9 posesi\u00f3n como alcalde del ayuntamiento constitucional de Actopan\u201d.<\/p>\n\n\n\n<p><\/p>\n\n\n\n<p><\/p>\n","protected":false},"excerpt":{"rendered":"<p>Juan Arcos Xalapa, Ver.- El alcalde suplente de Actopan, Jos\u00e9 Alfredo L\u00f3pez Carreto, entreg\u00f3 un oficio al Congreso del Estado para solicitar que se respete su derecho para asumir su responsabilidad como presidente municipal. El documento fue dirigido al secretario general del Congreso de Veracruz, Domingo Bahena Corbal\u00e1. El 4 de marzo, en la Gaceta [&hellip;]<\/p>\n","protected":false},"author":1,"featured_media":538,"comment_status":"open","ping_status":"open","sticky":false,"template":"","format":"standard","meta":{"_jetpack_memberships_contains_paid_content":false,"footnotes":""},"categories":[3],"tags":[],"class_list":["post-537","post","type-post","status-publish","format-standard","has-post-thumbnail","hentry","category-xalapa"],"jetpack_featured_media_url":"https:\/\/encuentroinformativo.com.mx\/wp-content\/uploads\/2020\/03\/41C432A2-AA7F-4679-8D92-E987824D1886.jpeg","jetpack_sharing_enabled":true,"jetpack_likes_enabled":true,"amp_enabled":true,"_links":{"self":[{"href":"https:\/\/encuentroinformativo.com.mx\/index.php?rest_route=\/wp\/v2\/posts\/537","targetHints":{"allow":["GET"]}}],"collection":[{"href":"https:\/\/encuentroinformativo.com.mx\/index.php?rest_route=\/wp\/v2\/posts"}],"about":[{"href":"https:\/\/encuentroinformativo.com.mx\/index.php?rest_route=\/wp\/v2\/types\/post"}],"author":[{"embeddable":true,"href":"https:\/\/encuentroinformativo.com.mx\/index.php?rest_route=\/wp\/v2\/users\/1"}],"replies":[{"embeddable":true,"href":"https:\/\/encuentroinformativo.com.mx\/index.php?rest_route=%2Fwp%2Fv2%2Fcomments&post=537"}],"version-history":[{"count":1,"href":"https:\/\/encuentroinformativo.com.mx\/index.php?rest_route=\/wp\/v2\/posts\/537\/revisions"}],"predecessor-version":[{"id":539,"href":"https:\/\/encuentroinformativo.com.mx\/index.php?rest_route=\/wp\/v2\/posts\/537\/revisions\/539"}],"wp:featuredmedia":[{"embeddable":true,"href":"https:\/\/encuentroinformativo.com.mx\/index.php?rest_route=\/wp\/v2\/media\/538"}],"wp:attachment":[{"href":"https:\/\/encuentroinformativo.com.mx\/index.php?rest_route=%2Fwp%2Fv2%2Fmedia&parent=537"}],"wp:term":[{"taxonomy":"category","embeddable":true,"href":"https:\/\/encuentroinformativo.com.mx\/index.php?rest_route=%2Fwp%2Fv2%2Fcategories&post=537"},{"taxonomy":"post_tag","embeddable":true,"href":"https:\/\/encuentroinformativo.com.mx\/index.php?rest_route=%2Fwp%2Fv2%2Ftags&post=537"}],"curies":[{"name":"wp","href":"https:\/\/api.w.org\/{rel}","templated":true}]}}