{"id":5370,"date":"2020-08-30T17:48:37","date_gmt":"2020-08-30T22:48:37","guid":{"rendered":"https:\/\/encuentroinformativo.com\/?p=5370"},"modified":"2020-08-30T17:48:40","modified_gmt":"2020-08-30T22:48:40","slug":"registra-veracruz-mas-de-cinco-mil-desapariciones-anais-palacios","status":"publish","type":"post","link":"https:\/\/encuentroinformativo.com.mx\/?p=5370","title":{"rendered":"Registra Veracruz m\u00e1s de cinco mil desapariciones: Ana\u00eds Palacios"},"content":{"rendered":"\n<p><strong>Juan Arcos <\/strong><\/p>\n\n\n\n<p>Xalapa, Ver.- M\u00e1s de 5 mil desapariciones han ocurrido en el estado de Veracruz, durante el periodo de 2006 a la fecha.<\/p>\n\n\n\n<p>As\u00ed lo dio a conocer Ana\u00eds Palacios P\u00e9rez, consultora del Instituto Mexicano del Derechos Humanos y Democracia, quien a\u00f1adi\u00f3 que hasta el momento no hay sentencias contra polic\u00edas o autoridades que hayan participado en desapariciones.<\/p>\n\n\n\n<p>Record\u00f3 que en 2017 fueron encarcelados algunos exfuncionarios y exmandos medios de la Secretar\u00eda de Seguridad P\u00fablica (SSP), entre ellos el extitular de la dependencia, Arturo Berm\u00fadez Zurita, quienes est\u00e1n llevando sus procesos judiciales en libertad, tras la modificaci\u00f3n de sus medidas cautelares por parte de jueces de control.<\/p>\n\n\n\n<p>\u201cPero ni siquiera son por casos de desapariciones forzadas, son por desv\u00edos de recursos, otras cosas y ah\u00ed es donde yo digo cu\u00e1l es el papel de la fiscal\u00eda en demostrable, porque hay en medio de esa investigaci\u00f3n hay un tema pol\u00edtico y hay un tema del propio Estado, c\u00f3mo se va a investigar as\u00ed mismo el Estado, tiene que investigarse\u201d, refut\u00f3.<\/p>\n\n\n\n<p>La entrevistada destac\u00f3 la importancia de que sea garantizada la autonom\u00eda de la Fiscal\u00eda General del Estado (FGE), a cargo de Ver\u00f3nica Hern\u00e1ndez Giad\u00e1ns, para que realmente sea ajena a cuestiones pol\u00edticas.<\/p>\n\n\n\n<p>Record\u00f3 que a principios de febrero pasado particip\u00f3 en una reuni\u00f3n entre familiares de desaparecidos y el gobernador Cuitl\u00e1huac Garc\u00eda Jim\u00e9nez, donde no han sido atendidas las solicitudes de las v\u00edctimas.<\/p>\n\n\n\n<p>Adem\u00e1s, record\u00f3 que dichas reuniones fueron suspendidas por la pandemia del SARS-COV-2 (COVID-19).<\/p>\n\n\n\n<p>\u201cHa habido otras cosas, el papel de la Comisi\u00f3n Estatal de B\u00fasqueda, no les queda de otra, a su tarea trabajar, buscar, investigar, encontrar y devolverle a sus familiares los desaparecidos\u201d, remat\u00f3.\u00a0<\/p>\n\n\n\n<p><\/p>\n\n\n\n<p><\/p>\n","protected":false},"excerpt":{"rendered":"<p>Juan Arcos Xalapa, Ver.- M\u00e1s de 5 mil desapariciones han ocurrido en el estado de Veracruz, durante el periodo de 2006 a la fecha. As\u00ed lo dio a conocer Ana\u00eds Palacios P\u00e9rez, consultora del Instituto Mexicano del Derechos Humanos y Democracia, quien a\u00f1adi\u00f3 que hasta el momento no hay sentencias contra polic\u00edas o autoridades que [&hellip;]<\/p>\n","protected":false},"author":1,"featured_media":5371,"comment_status":"open","ping_status":"open","sticky":false,"template":"","format":"standard","meta":{"_jetpack_memberships_contains_paid_content":false,"footnotes":""},"categories":[2],"tags":[],"class_list":["post-5370","post","type-post","status-publish","format-standard","has-post-thumbnail","hentry","category-estado"],"jetpack_featured_media_url":"https:\/\/encuentroinformativo.com.mx\/wp-content\/uploads\/2020\/08\/FBB9EB24-7019-46BF-A19F-C9AE4943E6B7.jpeg","jetpack_sharing_enabled":true,"jetpack_likes_enabled":true,"amp_enabled":true,"_links":{"self":[{"href":"https:\/\/encuentroinformativo.com.mx\/index.php?rest_route=\/wp\/v2\/posts\/5370","targetHints":{"allow":["GET"]}}],"collection":[{"href":"https:\/\/encuentroinformativo.com.mx\/index.php?rest_route=\/wp\/v2\/posts"}],"about":[{"href":"https:\/\/encuentroinformativo.com.mx\/index.php?rest_route=\/wp\/v2\/types\/post"}],"author":[{"embeddable":true,"href":"https:\/\/encuentroinformativo.com.mx\/index.php?rest_route=\/wp\/v2\/users\/1"}],"replies":[{"embeddable":true,"href":"https:\/\/encuentroinformativo.com.mx\/index.php?rest_route=%2Fwp%2Fv2%2Fcomments&post=5370"}],"version-history":[{"count":1,"href":"https:\/\/encuentroinformativo.com.mx\/index.php?rest_route=\/wp\/v2\/posts\/5370\/revisions"}],"predecessor-version":[{"id":5372,"href":"https:\/\/encuentroinformativo.com.mx\/index.php?rest_route=\/wp\/v2\/posts\/5370\/revisions\/5372"}],"wp:featuredmedia":[{"embeddable":true,"href":"https:\/\/encuentroinformativo.com.mx\/index.php?rest_route=\/wp\/v2\/media\/5371"}],"wp:attachment":[{"href":"https:\/\/encuentroinformativo.com.mx\/index.php?rest_route=%2Fwp%2Fv2%2Fmedia&parent=5370"}],"wp:term":[{"taxonomy":"category","embeddable":true,"href":"https:\/\/encuentroinformativo.com.mx\/index.php?rest_route=%2Fwp%2Fv2%2Fcategories&post=5370"},{"taxonomy":"post_tag","embeddable":true,"href":"https:\/\/encuentroinformativo.com.mx\/index.php?rest_route=%2Fwp%2Fv2%2Ftags&post=5370"}],"curies":[{"name":"wp","href":"https:\/\/api.w.org\/{rel}","templated":true}]}}