{"id":53707,"date":"2024-04-27T12:55:49","date_gmt":"2024-04-27T18:55:49","guid":{"rendered":"https:\/\/encuentroinformativo.com.mx\/?p=53707"},"modified":"2024-04-27T12:55:57","modified_gmt":"2024-04-27T18:55:57","slug":"que-haya-cuentas-de-afore-inactivas-no-significa-que-no-tengan-dueno-senador","status":"publish","type":"post","link":"https:\/\/encuentroinformativo.com.mx\/?p=53707","title":{"rendered":"Que haya cuentas de Afore inactivas no significa que no tengan due\u00f1o: Senador"},"content":{"rendered":"\n<p><strong>Alejandro \u00c1vila<\/strong><\/p>\n\n\n\n<p>Veracruz, Ver.- El que existan cuentas de Afore inactivas no significa que no tengan due\u00f1o, se\u00f1al\u00f3 el Senador, Julen Rementer\u00eda del Puerto; por lo que recrimin\u00f3 que Morena haya aprobado reglas claras para \u201cconfiscar\u201d o \u201crobarse\u201d el Fondo de Pensiones de millones de mexicanos.<\/p>\n\n\n\n<p>El legislador veracruzano, recrimin\u00f3 que en el ocaso del sexenio, Morena pretenda \u201carrebatar\u201d las afores de millones de mexicanos, bajo el pretexto de cuentas bancarias inactivas y con una ley a todas luces hecha \u201cfast track\u201d y sin reglas.<\/p>\n\n\n\n<p>\u201cSe pretende confiscar recursos millonarios de los trabajadores. Y dir\u00eda que es una especie de confiscaci\u00f3n, y por ser amable, por no decir un robo, de un atropello de los recursos de los trabajadores\u201d.<\/p>\n\n\n\n<p>Durante la discusi\u00f3n en las Comisiones Unidas de Seguridad Social y de Estudios Legislativos Segunda, del Senado de la Rep\u00fablica, Rementer\u00eda del Puerto, lament\u00f3 que Morena no le est\u00e1 consultado a los due\u00f1os de las cuentas bancarias, si quieren que sus ahorros sean utilizados por el gobierno.<\/p>\n\n\n\n<p>\u201cEstos recursos no tienen la autorizaci\u00f3n de sus propietarios para que el gobierno los pueda tomar, como se plantea en ese art\u00edculo, porque, adem\u00e1s, son personas plenamente identificables y que si no los conocen ahora es porque el gobierno ha sido omiso en buscarlos y lo que est\u00e1n haciendo es un saqueo en perjuicio de los trabajadores. Lo que quieren es un dinero que ah\u00ed est\u00e1, que est\u00e1 distra\u00eddo, que es de mucha gente, pero aparentemente de nadie, y que lo quieren tomar porque no van a protestar las personas que debieran ser los beneficiarios de esos ahorros\u201d.<\/p>\n\n\n\n<p>En su intervenci\u00f3n, Julen Rementeria expuso que en esta ley echa al vapor, sin el m\u00ednimo an\u00e1lisis de impacto financiero y social, se cometieron diversas pifias que dejaran a\u00fan m\u00e1s desprotegidos y vulnerables a los propietarios de sus ahorros laborales.<\/p>\n\n\n\n<p>\u201cLa minuta tambi\u00e9n se\u00f1ala que para hacer la transferencia de recursos ahorrados hacia el fondo es requisito que la cuenta est\u00e9 inactiva. \u00bfS\u00ed? \u00bfPor cu\u00e1nto tiempo? No lo establece. \u00bfDiez d\u00edas? \u00bfQuince d\u00edas? \u00bfUn mes? \u00bfUn a\u00f1o? \u00bfDos a\u00f1os? \u00bfCu\u00e1nto tiempo? No lo dice. Dice que s\u00ed, que la cuenta est\u00e9 inactiva. \u00bfPor cu\u00e1nto tiempo?. Son una cantidad de lagunas que hay en este planteamiento que no puede aprobarse as\u00ed\u201d.<\/p>\n\n\n\n<p>Julen Rementer\u00eda reiter\u00f3 su voto en contra y de los dem\u00e1s senadores ante dicha ley, incluso le record\u00f3 a los senadores de Morena que uno de sus postulados ideol\u00f3gicos supuestamente es estar del lado de la gente y apoyar a los m\u00e1s pobres, mientras que esta minuta elaborada al vapor y con varias lagunas se\u00f1ala lo contrario.<\/p>\n\n\n\n<p>\u201cUstedes en Morena han dicho infinidad de veces que lo que quieren es ayudar a la gente, que est\u00e1n del lado de los m\u00e1s pobres, de los m\u00e1s necesitados. Pues que se demuestre, porque esto la verdad no lo demuestra. Es exactamente al contrario. Porque no le garantiza a nadie, a ning\u00fan trabajador las reglas m\u00ednimas que permita suponer que van a ser as\u00ed\u201d.<\/p>\n\n\n\n<p>Rementer\u00eda del Puerto, exhort\u00f3 a este gobierno federal a devolver dicho recurso a qui\u00e9nes les pertenecen, a los trabajadores, pues el Fondo de Pensiones del Bienestar en la naturaleza en la que lo quieren realizar afecta a millones de personas.<\/p>\n\n\n\n<p>\u201cFrancamente hoy est\u00e1n quit\u00e1ndole un dinero que no es del gobierno, ni de ning\u00fan partido, se lo est\u00e1n quitando a la gente para gastarlo en cosas de esta administraci\u00f3n sin considerar un retorno\u201d.<\/p>\n","protected":false},"excerpt":{"rendered":"<p>Alejandro \u00c1vila Veracruz, Ver.- El que existan cuentas de Afore inactivas no significa que no tengan due\u00f1o, se\u00f1al\u00f3 el Senador, Julen Rementer\u00eda del Puerto; por lo que recrimin\u00f3 que Morena haya aprobado reglas claras para \u201cconfiscar\u201d o \u201crobarse\u201d el Fondo de Pensiones de millones de mexicanos. El legislador veracruzano, recrimin\u00f3 que en el ocaso del [&hellip;]<\/p>\n","protected":false},"author":2476,"featured_media":53708,"comment_status":"open","ping_status":"open","sticky":false,"template":"","format":"standard","meta":{"_jetpack_memberships_contains_paid_content":false,"footnotes":""},"categories":[12],"tags":[],"class_list":["post-53707","post","type-post","status-publish","format-standard","has-post-thumbnail","hentry","category-nacional"],"jetpack_featured_media_url":"https:\/\/encuentroinformativo.com.mx\/wp-content\/uploads\/2024\/04\/IMG-20240427-WA0033.jpg","jetpack_sharing_enabled":true,"jetpack_likes_enabled":true,"amp_enabled":true,"_links":{"self":[{"href":"https:\/\/encuentroinformativo.com.mx\/index.php?rest_route=\/wp\/v2\/posts\/53707","targetHints":{"allow":["GET"]}}],"collection":[{"href":"https:\/\/encuentroinformativo.com.mx\/index.php?rest_route=\/wp\/v2\/posts"}],"about":[{"href":"https:\/\/encuentroinformativo.com.mx\/index.php?rest_route=\/wp\/v2\/types\/post"}],"author":[{"embeddable":true,"href":"https:\/\/encuentroinformativo.com.mx\/index.php?rest_route=\/wp\/v2\/users\/2476"}],"replies":[{"embeddable":true,"href":"https:\/\/encuentroinformativo.com.mx\/index.php?rest_route=%2Fwp%2Fv2%2Fcomments&post=53707"}],"version-history":[{"count":1,"href":"https:\/\/encuentroinformativo.com.mx\/index.php?rest_route=\/wp\/v2\/posts\/53707\/revisions"}],"predecessor-version":[{"id":53709,"href":"https:\/\/encuentroinformativo.com.mx\/index.php?rest_route=\/wp\/v2\/posts\/53707\/revisions\/53709"}],"wp:featuredmedia":[{"embeddable":true,"href":"https:\/\/encuentroinformativo.com.mx\/index.php?rest_route=\/wp\/v2\/media\/53708"}],"wp:attachment":[{"href":"https:\/\/encuentroinformativo.com.mx\/index.php?rest_route=%2Fwp%2Fv2%2Fmedia&parent=53707"}],"wp:term":[{"taxonomy":"category","embeddable":true,"href":"https:\/\/encuentroinformativo.com.mx\/index.php?rest_route=%2Fwp%2Fv2%2Fcategories&post=53707"},{"taxonomy":"post_tag","embeddable":true,"href":"https:\/\/encuentroinformativo.com.mx\/index.php?rest_route=%2Fwp%2Fv2%2Ftags&post=53707"}],"curies":[{"name":"wp","href":"https:\/\/api.w.org\/{rel}","templated":true}]}}