{"id":53723,"date":"2024-04-27T14:53:16","date_gmt":"2024-04-27T20:53:16","guid":{"rendered":"https:\/\/encuentroinformativo.com.mx\/?p=53723"},"modified":"2024-04-27T14:53:24","modified_gmt":"2024-04-27T20:53:24","slug":"desfilaran-mas-de-60-mil-personas-el-dia-del-trabajo","status":"publish","type":"post","link":"https:\/\/encuentroinformativo.com.mx\/?p=53723","title":{"rendered":"Desfilar\u00e1n m\u00e1s de 60 mil personas el D\u00eda del Trabajo"},"content":{"rendered":"\n<p><strong>Dar\u00edo Pale <\/strong><\/p>\n\n\n\n<p>Xalapa, Ver.- Ser\u00e1n m\u00e1s de 65 mil trabajadores los que desfilaran este 1 de mayo, en Xalapa, no se coartar\u00e1 libertad de expresi\u00f3n, si quieren &#8220;<em>mentarle la madre a<\/em> gobiernos, tienen derecho de hacerlo&#8221;, as\u00ed lo dio a conocer el presidente de la asociaci\u00f3n civil Vendedores Independientes del Estado de Veracruz (VIVE), Pablo Jim\u00e9nez Ayala.<\/p>\n\n\n\n<p>En entrevista adelant\u00f3 que alrededor de 65 mil trabajadores son los que participar\u00e1n en el desfile del 1 de mayo, por lo que se estima un tiempo de casi seis horas de la parada c\u00edvica.<\/p>\n\n\n\n<p>Dio a conocer que el desfile del 1 de mayo comenzar\u00e1 con la salutaci\u00f3n en Sala de Banderas de palacio de Gobierno, con el Ejecutivo, Cuitl\u00e1huac Garc\u00eda Jim\u00e9nez, a las 8:00 de la ma\u00f1ana y a las 9:00 inicie la parada c\u00edvica.<\/p>\n\n\n\n<p>El l\u00edder de los vendedores ambulantes indic\u00f3 que se ha platicado con todos los grupos de trabajadores que se guarde el mayor orden posible.<\/p>\n\n\n\n<p>&#8220;De evitar agresiones, enfrentamientos, eso no significa que se est\u00e9 cuartando la libertad de expresi\u00f3n. Hemos sido muy claros, si alguien tiene que agradecerle al gobierno municipal o estatal, pueden hacerlo&#8221;, se\u00f1al\u00f3.<\/p>\n\n\n\n<p>&#8220;Si alguien quiere mentarle la madre, tienen todo el derecho de mentarle la madre, la libertad de expresi\u00f3n no sera coartada por nadie&#8221;, coment\u00f3.<\/p>\n\n\n\n<p>Jim\u00e9nez Ayala agreg\u00f3 que el gobierno de Veracruz apoyar\u00e1 con ambulancias, habr\u00e1 acompa\u00f1amiento de diversos cuerpos de emergencia como Protecci\u00f3n Civil, Seguridad P\u00fablica, Salud, entre otros.<\/p>\n\n\n\n<p>Abund\u00f3 que en n\u00fameros generales el total de contingentes son 14, pero hay algunos que son independientes, lo mayores son los de los sindicatos de maestros de las secciones 32 y la 56.<\/p>\n","protected":false},"excerpt":{"rendered":"<p>Dar\u00edo Pale Xalapa, Ver.- Ser\u00e1n m\u00e1s de 65 mil trabajadores los que desfilaran este 1 de mayo, en Xalapa, no se coartar\u00e1 libertad de expresi\u00f3n, si quieren &#8220;mentarle la madre a gobiernos, tienen derecho de hacerlo&#8221;, as\u00ed lo dio a conocer el presidente de la asociaci\u00f3n civil Vendedores Independientes del Estado de Veracruz (VIVE), Pablo [&hellip;]<\/p>\n","protected":false},"author":2476,"featured_media":53724,"comment_status":"open","ping_status":"open","sticky":false,"template":"","format":"standard","meta":{"_jetpack_memberships_contains_paid_content":false,"footnotes":""},"categories":[3],"tags":[],"class_list":["post-53723","post","type-post","status-publish","format-standard","has-post-thumbnail","hentry","category-xalapa"],"jetpack_featured_media_url":"https:\/\/encuentroinformativo.com.mx\/wp-content\/uploads\/2024\/04\/IMG-20240427-WA0044.jpg","jetpack_sharing_enabled":true,"jetpack_likes_enabled":true,"amp_enabled":true,"_links":{"self":[{"href":"https:\/\/encuentroinformativo.com.mx\/index.php?rest_route=\/wp\/v2\/posts\/53723","targetHints":{"allow":["GET"]}}],"collection":[{"href":"https:\/\/encuentroinformativo.com.mx\/index.php?rest_route=\/wp\/v2\/posts"}],"about":[{"href":"https:\/\/encuentroinformativo.com.mx\/index.php?rest_route=\/wp\/v2\/types\/post"}],"author":[{"embeddable":true,"href":"https:\/\/encuentroinformativo.com.mx\/index.php?rest_route=\/wp\/v2\/users\/2476"}],"replies":[{"embeddable":true,"href":"https:\/\/encuentroinformativo.com.mx\/index.php?rest_route=%2Fwp%2Fv2%2Fcomments&post=53723"}],"version-history":[{"count":1,"href":"https:\/\/encuentroinformativo.com.mx\/index.php?rest_route=\/wp\/v2\/posts\/53723\/revisions"}],"predecessor-version":[{"id":53725,"href":"https:\/\/encuentroinformativo.com.mx\/index.php?rest_route=\/wp\/v2\/posts\/53723\/revisions\/53725"}],"wp:featuredmedia":[{"embeddable":true,"href":"https:\/\/encuentroinformativo.com.mx\/index.php?rest_route=\/wp\/v2\/media\/53724"}],"wp:attachment":[{"href":"https:\/\/encuentroinformativo.com.mx\/index.php?rest_route=%2Fwp%2Fv2%2Fmedia&parent=53723"}],"wp:term":[{"taxonomy":"category","embeddable":true,"href":"https:\/\/encuentroinformativo.com.mx\/index.php?rest_route=%2Fwp%2Fv2%2Fcategories&post=53723"},{"taxonomy":"post_tag","embeddable":true,"href":"https:\/\/encuentroinformativo.com.mx\/index.php?rest_route=%2Fwp%2Fv2%2Ftags&post=53723"}],"curies":[{"name":"wp","href":"https:\/\/api.w.org\/{rel}","templated":true}]}}