{"id":53729,"date":"2024-04-27T22:06:39","date_gmt":"2024-04-28T04:06:39","guid":{"rendered":"https:\/\/encuentroinformativo.com.mx\/?p=53729"},"modified":"2024-04-27T22:06:44","modified_gmt":"2024-04-28T04:06:44","slug":"nutrida-participacion-durante-el-foro-derecho-a-una-salud-integral-y-sistema-transformador","status":"publish","type":"post","link":"https:\/\/encuentroinformativo.com.mx\/?p=53729","title":{"rendered":"Nutrida participaci\u00f3n durante el Foro Derecho a una salud integral y sistema transformador"},"content":{"rendered":"\n<p>Xalapa, Ver.- Con una importante presencia de militantes y simpatizantes, este d\u00eda se llev\u00f3 a cabo el Foro Derecho a una salud integral y sistema transformador, contando con la presencia de los Candidatos a Diputado Federal Plurinominal, Mtro. Eleazar Guerrero P\u00e9rez y Kenia Mu\u00f1iz Cabrera.<\/p>\n\n\n\n<p>Despu\u00e9s de escuchar los testimonios de los ponentes e interactuar con los asistentes, entre ellos integrantes de grupos vulnerables como miembros de la comunidad LGBTQ+ y con alguna discapacidad, el l\u00edder de Unidos Todos, Eleazar Guerrero P\u00e9rez resalt\u00f3 la importante de estos foros de inclusi\u00f3n donde llegan expertos a escuchar las voces de la sociedad.<\/p>\n\n\n\n<p>\u201cTenemos que aprender que no son ellos los que tenemos que transformar sino todos y los que tenemos la responsabilidad de llegar a al C\u00e1mara debemos seguir creando mejores leyes que puedan ayudar a toda la sociedad\u201d, dijo.<\/p>\n\n\n\n<p>Por su parte, Kenia Mu\u00f1iz reconoci\u00f3 que participar en este tipo de expresiones es escuchar las necesidades espec\u00edficas, donde adem\u00e1s se aborden propuestas y caminos para la soluci\u00f3n.<\/p>\n\n\n\n<p>\u201cEl acercamiento con personas que viven circunstancias espec\u00edficas es trascendental para construir un sistema transformador\u201d, dijo.<\/p>\n\n\n\n<p>El foro cont\u00f3 con la participaci\u00f3n de integrantes de los colectivos LGBTQ+, los cuales se han sumado a las propuestas de la Candidata a la Presidencia, Claudia Sheinbaum y a nivel estatal con Roc\u00edo Nahle.<\/p>\n","protected":false},"excerpt":{"rendered":"<p>Xalapa, Ver.- Con una importante presencia de militantes y simpatizantes, este d\u00eda se llev\u00f3 a cabo el Foro Derecho a una salud integral y sistema transformador, contando con la presencia de los Candidatos a Diputado Federal Plurinominal, Mtro. Eleazar Guerrero P\u00e9rez y Kenia Mu\u00f1iz Cabrera. Despu\u00e9s de escuchar los testimonios de los ponentes e interactuar [&hellip;]<\/p>\n","protected":false},"author":2476,"featured_media":53730,"comment_status":"open","ping_status":"open","sticky":false,"template":"","format":"standard","meta":{"_jetpack_memberships_contains_paid_content":false,"footnotes":""},"categories":[9],"tags":[],"class_list":["post-53729","post","type-post","status-publish","format-standard","has-post-thumbnail","hentry","category-salud"],"jetpack_featured_media_url":"https:\/\/encuentroinformativo.com.mx\/wp-content\/uploads\/2024\/04\/IMG-20240427-WA0083-scaled.jpg","jetpack_sharing_enabled":true,"jetpack_likes_enabled":true,"amp_enabled":true,"_links":{"self":[{"href":"https:\/\/encuentroinformativo.com.mx\/index.php?rest_route=\/wp\/v2\/posts\/53729","targetHints":{"allow":["GET"]}}],"collection":[{"href":"https:\/\/encuentroinformativo.com.mx\/index.php?rest_route=\/wp\/v2\/posts"}],"about":[{"href":"https:\/\/encuentroinformativo.com.mx\/index.php?rest_route=\/wp\/v2\/types\/post"}],"author":[{"embeddable":true,"href":"https:\/\/encuentroinformativo.com.mx\/index.php?rest_route=\/wp\/v2\/users\/2476"}],"replies":[{"embeddable":true,"href":"https:\/\/encuentroinformativo.com.mx\/index.php?rest_route=%2Fwp%2Fv2%2Fcomments&post=53729"}],"version-history":[{"count":1,"href":"https:\/\/encuentroinformativo.com.mx\/index.php?rest_route=\/wp\/v2\/posts\/53729\/revisions"}],"predecessor-version":[{"id":53731,"href":"https:\/\/encuentroinformativo.com.mx\/index.php?rest_route=\/wp\/v2\/posts\/53729\/revisions\/53731"}],"wp:featuredmedia":[{"embeddable":true,"href":"https:\/\/encuentroinformativo.com.mx\/index.php?rest_route=\/wp\/v2\/media\/53730"}],"wp:attachment":[{"href":"https:\/\/encuentroinformativo.com.mx\/index.php?rest_route=%2Fwp%2Fv2%2Fmedia&parent=53729"}],"wp:term":[{"taxonomy":"category","embeddable":true,"href":"https:\/\/encuentroinformativo.com.mx\/index.php?rest_route=%2Fwp%2Fv2%2Fcategories&post=53729"},{"taxonomy":"post_tag","embeddable":true,"href":"https:\/\/encuentroinformativo.com.mx\/index.php?rest_route=%2Fwp%2Fv2%2Ftags&post=53729"}],"curies":[{"name":"wp","href":"https:\/\/api.w.org\/{rel}","templated":true}]}}