{"id":53732,"date":"2024-04-27T22:09:45","date_gmt":"2024-04-28T04:09:45","guid":{"rendered":"https:\/\/encuentroinformativo.com.mx\/?p=53732"},"modified":"2024-04-27T22:09:51","modified_gmt":"2024-04-28T04:09:51","slug":"ivai-premia-a-ganadores-del-concurso-de-dibujo-infantil-y-juvenil-2024","status":"publish","type":"post","link":"https:\/\/encuentroinformativo.com.mx\/?p=53732","title":{"rendered":"IVAI premia a ganadores del Concurso de Dibujo Infantil y Juvenil 2024"},"content":{"rendered":"\n<p><strong>* Con actividades de este tipo se promueve desde las infancias una cultura de protecci\u00f3n de los datos personales.<\/strong><\/p>\n\n\n\n<p>Xalapa, Ver.- El Instituto Veracruzano de Acceso a la Informaci\u00f3n y Protecci\u00f3n de Datos Personales (IVAI) premi\u00f3 a los 12 ganadores del Concurso de Dibujo Infantil y Juvenil 2024: \u201cYo me cuido, yo respeto, yo no p\u00fablico datos personales\u201d, celebrado este d\u00eda en el Auditivo Visual de la Benem\u00e9rita Escuela Normal Veracruzana \u201cEnrique C. R\u00e9bsamen\u201d.<\/p>\n\n\n\n<p>David Agust\u00edn Jim\u00e9nez Rojas, Comisionado Presidente del \u00d3rgano Garante, en su intervenci\u00f3n asegur\u00f3 que \u201ceste concurso no s\u00f3lo ha sido una competencia, sino una oportunidad para educar, concientizar y empoderar a nuestra ni\u00f1ez y juventud veracruzana, para que sean ciudadanos digitales responsables y conscientes. Sigamos trabajando juntos para construir un entorno en l\u00ednea seguro y respetuoso para todos\u201d.<\/p>\n\n\n\n<p>Y agreg\u00f3: \u201cEn la era digital en la que vivimos, el intercambio de informaci\u00f3n personal en plataformas en l\u00ednea se ha vuelto com\u00fan, pero con ello surge el riesgo de exponernos a situaciones peligrosas, por lo que debemos impulsar mecanismos para evitarlo&#8221;.<\/p>\n\n\n\n<p>Sobre el concurso, la premiaci\u00f3n qued\u00f3 as\u00ed: en la categor\u00eda infantil, el primero y segundo lugar correspondieron a Nain Nava Monfil y Merari Nava Monfil, de la capital del estado, mientras que el tercer lugar fue para Carlos Mario Morales Uscanga, originario de Amatl\u00e1n de los Reyes. Adem\u00e1s, el jurado reconoci\u00f3 los trabajos de Emilia Ar\u00e1le Landa Olivares, Esmeralda Cristal Ceballos Santiago y \u00c1ngel Ponce Salas.<\/p>\n\n\n\n<p>En la categor\u00eda Juvenil, los primeros tres lugares correspondieron a Andrea Olivares Contreras, Paola Santiago Mart\u00ednez, ambas de Xalapa, y Valentina Emily Fuentes Baizabal, de Coatepec. Tambi\u00e9n se otorg\u00f3 menci\u00f3n honor\u00edfica a los dibujos elaborados por Jos\u00edas Manuel Jim\u00e9nez Hern\u00e1ndez, Paris Jim\u00e9nez Zamudio y Melanie Sara\u00ed Andrade Villa.<\/p>\n\n\n\n<p>En esta edici\u00f3n, el jurado calificador estuvo integrado por Irma Hern\u00e1ndez Sangabriel, Coordinadora General del CEJUM; Roberta Ayala Luna, Fiscal Coordinadora Especializada en Investigaci\u00f3n de Delitos de Violencia Contra la Familia, Mujeres, Ni\u00f1as y Ni\u00f1os y Trata de Personas, quienes eligieron los trabajados ganadores de las dos categor\u00edas en las que se dividi\u00f3 esta edici\u00f3n: Infantil (6 a 12 a\u00f1os) y Juvenil (12 a 17 a\u00f1os).<\/p>\n\n\n\n<p>Durante un breve mensaje, la Comisionada Naldy Patricia Rodr\u00edguez Lagunes invit\u00f3 a las y los asistentes a participar en el Concurso para ser Comisionada y Comisionado Infantil en su edici\u00f3n 2024.<\/p>\n\n\n\n<p>Cabe destacar que los 12 trabajos seleccionados formar\u00e1n parte del Calendario 2025 del Instituto Veracruzano de Acceso a la Informaci\u00f3n y Protecci\u00f3n de Datos Personales.<\/p>\n\n\n\n<p>Previo a la ceremonia de premiaci\u00f3n se realiz\u00f3 una lectura dramatizada del cuento \u201cMi perro Roberto\u201d, por el Maestro Mois\u00e9s Landa Rodr\u00edguez, perteneciente a la brigada \u201cMujeres Insurgentes\u201d.<\/p>\n\n\n\n<p>Los asistentes tambi\u00e9n disfrutaron de la participaci\u00f3n del Ballet Internacional de la Direcci\u00f3n de Actividades Art\u00edsticas de la SEV y degustaron un pastel en conmemoraci\u00f3n del D\u00eda de la Ni\u00f1a y el Ni\u00f1o.<\/p>\n","protected":false},"excerpt":{"rendered":"<p>* Con actividades de este tipo se promueve desde las infancias una cultura de protecci\u00f3n de los datos personales. Xalapa, Ver.- El Instituto Veracruzano de Acceso a la Informaci\u00f3n y Protecci\u00f3n de Datos Personales (IVAI) premi\u00f3 a los 12 ganadores del Concurso de Dibujo Infantil y Juvenil 2024: \u201cYo me cuido, yo respeto, yo no [&hellip;]<\/p>\n","protected":false},"author":2476,"featured_media":53733,"comment_status":"open","ping_status":"open","sticky":false,"template":"","format":"standard","meta":{"_jetpack_memberships_contains_paid_content":false,"footnotes":""},"categories":[2],"tags":[],"class_list":["post-53732","post","type-post","status-publish","format-standard","has-post-thumbnail","hentry","category-estado"],"jetpack_featured_media_url":"https:\/\/encuentroinformativo.com.mx\/wp-content\/uploads\/2024\/04\/IMG-20240427-WA0049.jpg","jetpack_sharing_enabled":true,"jetpack_likes_enabled":true,"amp_enabled":true,"_links":{"self":[{"href":"https:\/\/encuentroinformativo.com.mx\/index.php?rest_route=\/wp\/v2\/posts\/53732","targetHints":{"allow":["GET"]}}],"collection":[{"href":"https:\/\/encuentroinformativo.com.mx\/index.php?rest_route=\/wp\/v2\/posts"}],"about":[{"href":"https:\/\/encuentroinformativo.com.mx\/index.php?rest_route=\/wp\/v2\/types\/post"}],"author":[{"embeddable":true,"href":"https:\/\/encuentroinformativo.com.mx\/index.php?rest_route=\/wp\/v2\/users\/2476"}],"replies":[{"embeddable":true,"href":"https:\/\/encuentroinformativo.com.mx\/index.php?rest_route=%2Fwp%2Fv2%2Fcomments&post=53732"}],"version-history":[{"count":1,"href":"https:\/\/encuentroinformativo.com.mx\/index.php?rest_route=\/wp\/v2\/posts\/53732\/revisions"}],"predecessor-version":[{"id":53734,"href":"https:\/\/encuentroinformativo.com.mx\/index.php?rest_route=\/wp\/v2\/posts\/53732\/revisions\/53734"}],"wp:featuredmedia":[{"embeddable":true,"href":"https:\/\/encuentroinformativo.com.mx\/index.php?rest_route=\/wp\/v2\/media\/53733"}],"wp:attachment":[{"href":"https:\/\/encuentroinformativo.com.mx\/index.php?rest_route=%2Fwp%2Fv2%2Fmedia&parent=53732"}],"wp:term":[{"taxonomy":"category","embeddable":true,"href":"https:\/\/encuentroinformativo.com.mx\/index.php?rest_route=%2Fwp%2Fv2%2Fcategories&post=53732"},{"taxonomy":"post_tag","embeddable":true,"href":"https:\/\/encuentroinformativo.com.mx\/index.php?rest_route=%2Fwp%2Fv2%2Ftags&post=53732"}],"curies":[{"name":"wp","href":"https:\/\/api.w.org\/{rel}","templated":true}]}}