{"id":53750,"date":"2024-04-28T15:19:14","date_gmt":"2024-04-28T21:19:14","guid":{"rendered":"https:\/\/encuentroinformativo.com.mx\/?p=53750"},"modified":"2024-04-28T15:19:19","modified_gmt":"2024-04-28T21:19:19","slug":"regresan-invasores-del-predio-jinicuil","status":"publish","type":"post","link":"https:\/\/encuentroinformativo.com.mx\/?p=53750","title":{"rendered":"Regresan invasores del predio Jinicuil"},"content":{"rendered":"\n<p><strong>Juan Arcos <\/strong><\/p>\n\n\n\n<p>Xalapa, Ver.- El desalojo en el predio Jinicuil Manso, en la zona boscosa de Coatepec, solo fue durante unas horas. Los invasores regresaron a donde estaban asentados y las tierras no fueron restituidas a los leg\u00edtimos propietarios.<\/p>\n\n\n\n<p>AAs\u00ed lo dio a conocer Itzel Jurado Ortiz, abogada de los due\u00f1os de los terrenos que emprendieron una lucha legal para recuperar su propiedad en la congregaci\u00f3n de Tapachapan.<\/p>\n\n\n\n<p>\u201cDesafortunadamente las autoridades no cumplieron con lo que tienen ordenado por el juez federal en el sentido de que bueno s\u00f3lo vino seguridad p\u00fablica y desaloj\u00f3 de manera pues con la fuerza p\u00fablica a las personas que hab\u00eda pero pues no se ocup\u00f3 de resguardar las cosas que hab\u00eda en el campamento\u201d.<\/p>\n\n\n\n<p>La entrevistada indic\u00f3 que las autoridades no cumplieron con la orden del juez de resguardar el campamento y dejar limpia la zona.<\/p>\n\n\n\n<p>Adem\u00e1s, coment\u00f3 que los invasores regresaron al predio de manera agresiva, por lo que ser\u00eda presentada una nueva denuncia en la Fiscal\u00eda General del Estado (FGE), a cargo de Ver\u00f3nica Hern\u00e1ndez Giad\u00e1ns.<\/p>\n\n\n\n<p>\u201cSigue exactamente igual, se retiraron sin haber cumplido con eso a\u00fan cuando lo ten\u00edan ordenado y ahorita que venimos con una notaria precisamente a hacer una fe de hechos de c\u00f3mo est\u00e1 el predio en este momento, justamente venimos bajando de all\u00e1 en compa\u00f1\u00eda de la notaria nuevamente ya ingresaron los invasores al predio y ahora est\u00e1n m\u00e1s agresivos que nunca. Ya nos agredieron con piedras y palos en presencia de la notaria as\u00ed que ahorita nos dirigimos nuevamente a la fiscal\u00eda pues para para denunciar estos nuevos hechos\u201d.<\/p>\n\n\n\n<p>Los propietarios no est\u00e1n conformes con lo ocurrido durante el viernes 26 de abril, pues no pudieron tomar posesi\u00f3n nuevamente de sus terrenos.<\/p>\n\n\n\n<p>&#8220;Se informa que la diligencia de desalojo no se complet\u00f3 seg\u00fan lo ordenado por el juez, por lo que no nos consideramos restituidos. Estamos a la espera de que se complete la diligencia y estamos tomando medidas legales\u201d, indic\u00f3 Ari Brickman, uno de los due\u00f1os.<\/p>\n","protected":false},"excerpt":{"rendered":"<p>Juan Arcos Xalapa, Ver.- El desalojo en el predio Jinicuil Manso, en la zona boscosa de Coatepec, solo fue durante unas horas. Los invasores regresaron a donde estaban asentados y las tierras no fueron restituidas a los leg\u00edtimos propietarios. AAs\u00ed lo dio a conocer Itzel Jurado Ortiz, abogada de los due\u00f1os de los terrenos que [&hellip;]<\/p>\n","protected":false},"author":2476,"featured_media":53751,"comment_status":"open","ping_status":"open","sticky":false,"template":"","format":"standard","meta":{"_jetpack_memberships_contains_paid_content":false,"footnotes":""},"categories":[8],"tags":[],"class_list":["post-53750","post","type-post","status-publish","format-standard","has-post-thumbnail","hentry","category-region"],"jetpack_featured_media_url":"https:\/\/encuentroinformativo.com.mx\/wp-content\/uploads\/2024\/04\/9ebf9385-7a04-4215-abac-aa916ba29d77.jpg","jetpack_sharing_enabled":true,"jetpack_likes_enabled":true,"amp_enabled":true,"_links":{"self":[{"href":"https:\/\/encuentroinformativo.com.mx\/index.php?rest_route=\/wp\/v2\/posts\/53750","targetHints":{"allow":["GET"]}}],"collection":[{"href":"https:\/\/encuentroinformativo.com.mx\/index.php?rest_route=\/wp\/v2\/posts"}],"about":[{"href":"https:\/\/encuentroinformativo.com.mx\/index.php?rest_route=\/wp\/v2\/types\/post"}],"author":[{"embeddable":true,"href":"https:\/\/encuentroinformativo.com.mx\/index.php?rest_route=\/wp\/v2\/users\/2476"}],"replies":[{"embeddable":true,"href":"https:\/\/encuentroinformativo.com.mx\/index.php?rest_route=%2Fwp%2Fv2%2Fcomments&post=53750"}],"version-history":[{"count":1,"href":"https:\/\/encuentroinformativo.com.mx\/index.php?rest_route=\/wp\/v2\/posts\/53750\/revisions"}],"predecessor-version":[{"id":53752,"href":"https:\/\/encuentroinformativo.com.mx\/index.php?rest_route=\/wp\/v2\/posts\/53750\/revisions\/53752"}],"wp:featuredmedia":[{"embeddable":true,"href":"https:\/\/encuentroinformativo.com.mx\/index.php?rest_route=\/wp\/v2\/media\/53751"}],"wp:attachment":[{"href":"https:\/\/encuentroinformativo.com.mx\/index.php?rest_route=%2Fwp%2Fv2%2Fmedia&parent=53750"}],"wp:term":[{"taxonomy":"category","embeddable":true,"href":"https:\/\/encuentroinformativo.com.mx\/index.php?rest_route=%2Fwp%2Fv2%2Fcategories&post=53750"},{"taxonomy":"post_tag","embeddable":true,"href":"https:\/\/encuentroinformativo.com.mx\/index.php?rest_route=%2Fwp%2Fv2%2Ftags&post=53750"}],"curies":[{"name":"wp","href":"https:\/\/api.w.org\/{rel}","templated":true}]}}