{"id":53756,"date":"2024-04-29T09:24:11","date_gmt":"2024-04-29T15:24:11","guid":{"rendered":"https:\/\/encuentroinformativo.com.mx\/?p=53756"},"modified":"2024-04-29T09:24:16","modified_gmt":"2024-04-29T15:24:16","slug":"sindicatos-toman-oficinas-de-la-sev-reclaman-mesa-de-dialogo","status":"publish","type":"post","link":"https:\/\/encuentroinformativo.com.mx\/?p=53756","title":{"rendered":"Sindicatos &#8216;toman&#8217; oficinas de la SEV, reclaman mesa de di\u00e1logo"},"content":{"rendered":"\n<p><strong>Dar\u00edo Pale <\/strong><\/p>\n\n\n\n<p>Xalapa, Ver.- Desde las primeras horas de este lunes las oficinas de la Secretaria de Educaci\u00f3n de Veracruz (SEV), fueron tomadas por maestros del FMEV, para solicitar una mesa de di\u00e1logo para que atiendan todos sus pendientes en una mesa de trabajo.<\/p>\n\n\n\n<p>Entrevistado durante la manifestaci\u00f3n el profesor Ulises Morales Mu\u00f1oz Secretario General de Sindicato Fraternidad Magisterial del Estado de Veracruz (FMEV), se\u00f1al\u00f3 que tomaron las instalaciones de forma pac\u00edfica para poder pedir la atenci\u00f3n de la oficial mayor la doctora Ariadna y del titular de la dependencia Victor Manuel Vargas.<\/p>\n\n\n\n<p>Est\u00e1n solicitando una mesa de trabajo para poder darle agilidad a sus peticiones ya que tienen meses dando vueltas en el nivel de educaci\u00f3n de secundarias estatales, la cual tambi\u00e9n est\u00e1 tomada.<\/p>\n\n\n\n<p>La mesa de trabajo es para darle prontitud a las solicitudes que aquejan a la base magisterial, por lo que una ves que sean atendidos para establecer la agenda se les d\u00e9 soluci\u00f3n y est\u00e1n dispuestos a entregar las instalaciones.<\/p>\n\n\n\n<p>Finalmente se\u00f1alaron que despu\u00e9s de tomar los acuerdos abrir\u00edan las puestas para que personal que se trasladan de diferentes puntos del estado puedan ser atendidos y no entorpecer su trabajo.<\/p>\n","protected":false},"excerpt":{"rendered":"<p>Dar\u00edo Pale Xalapa, Ver.- Desde las primeras horas de este lunes las oficinas de la Secretaria de Educaci\u00f3n de Veracruz (SEV), fueron tomadas por maestros del FMEV, para solicitar una mesa de di\u00e1logo para que atiendan todos sus pendientes en una mesa de trabajo. Entrevistado durante la manifestaci\u00f3n el profesor Ulises Morales Mu\u00f1oz Secretario General [&hellip;]<\/p>\n","protected":false},"author":2476,"featured_media":53757,"comment_status":"open","ping_status":"open","sticky":false,"template":"","format":"standard","meta":{"_jetpack_memberships_contains_paid_content":false,"footnotes":""},"categories":[3],"tags":[],"class_list":["post-53756","post","type-post","status-publish","format-standard","has-post-thumbnail","hentry","category-xalapa"],"jetpack_featured_media_url":"https:\/\/encuentroinformativo.com.mx\/wp-content\/uploads\/2024\/04\/IMG-20240429-WA0012.jpg","jetpack_sharing_enabled":true,"jetpack_likes_enabled":true,"amp_enabled":true,"_links":{"self":[{"href":"https:\/\/encuentroinformativo.com.mx\/index.php?rest_route=\/wp\/v2\/posts\/53756","targetHints":{"allow":["GET"]}}],"collection":[{"href":"https:\/\/encuentroinformativo.com.mx\/index.php?rest_route=\/wp\/v2\/posts"}],"about":[{"href":"https:\/\/encuentroinformativo.com.mx\/index.php?rest_route=\/wp\/v2\/types\/post"}],"author":[{"embeddable":true,"href":"https:\/\/encuentroinformativo.com.mx\/index.php?rest_route=\/wp\/v2\/users\/2476"}],"replies":[{"embeddable":true,"href":"https:\/\/encuentroinformativo.com.mx\/index.php?rest_route=%2Fwp%2Fv2%2Fcomments&post=53756"}],"version-history":[{"count":1,"href":"https:\/\/encuentroinformativo.com.mx\/index.php?rest_route=\/wp\/v2\/posts\/53756\/revisions"}],"predecessor-version":[{"id":53758,"href":"https:\/\/encuentroinformativo.com.mx\/index.php?rest_route=\/wp\/v2\/posts\/53756\/revisions\/53758"}],"wp:featuredmedia":[{"embeddable":true,"href":"https:\/\/encuentroinformativo.com.mx\/index.php?rest_route=\/wp\/v2\/media\/53757"}],"wp:attachment":[{"href":"https:\/\/encuentroinformativo.com.mx\/index.php?rest_route=%2Fwp%2Fv2%2Fmedia&parent=53756"}],"wp:term":[{"taxonomy":"category","embeddable":true,"href":"https:\/\/encuentroinformativo.com.mx\/index.php?rest_route=%2Fwp%2Fv2%2Fcategories&post=53756"},{"taxonomy":"post_tag","embeddable":true,"href":"https:\/\/encuentroinformativo.com.mx\/index.php?rest_route=%2Fwp%2Fv2%2Ftags&post=53756"}],"curies":[{"name":"wp","href":"https:\/\/api.w.org\/{rel}","templated":true}]}}