{"id":53762,"date":"2024-04-29T11:51:56","date_gmt":"2024-04-29T17:51:56","guid":{"rendered":"https:\/\/encuentroinformativo.com.mx\/?p=53762"},"modified":"2024-04-29T11:52:01","modified_gmt":"2024-04-29T17:52:01","slug":"denunciara-pri-pago-de-programas-sociales-en-veda-electoral","status":"publish","type":"post","link":"https:\/\/encuentroinformativo.com.mx\/?p=53762","title":{"rendered":"Denunciar\u00e1 PRI pago de programas sociales en veda electoral"},"content":{"rendered":"\n<p><strong>Dar\u00edo Pale<\/strong><\/p>\n\n\n\n<p>Xalapa, Ver.- Al d\u00eda de hoy el candidato a la gubernatura, Jos\u00e9 Francisco Yunes Zorrilla, ya va 3 puntos arriba de la candidata de Morena, Roc\u00edo Nahle, adem\u00e1s de que presentar\u00e1n denuncia por pago de programas en veda electoral, as\u00ed lo dio a conocer el presidente del Comit\u00e9 Directivo Estatal del PRI, Adolfo Ram\u00edrez Arana.<\/p>\n\n\n\n<p>En conferencia de prensa se\u00f1al\u00f3 que, &#8220;ya estamos arriba tres, cuatro puntos, pr\u00e1cticamente a mitad de campa\u00f1a, lo cual la tendencia dice que vamos a ir subiendo y ellos van a ir bajando. Tienen una candidata desesperada&#8221;.<\/p>\n\n\n\n<p>El l\u00edder del PRI Estatal expres\u00f3 que Nahle, durante el debate atac\u00f3 el apellido Yunes, pero se le olvid\u00f3 que el l\u00edder de Fuerza por M\u00e9xico, aliado de Morena, tambi\u00e9n se apellida Yunes.<\/p>\n\n\n\n<p>En otro tema, adelant\u00f3 que presentar\u00e1n denuncia formal por el pago de programas sociales a trav\u00e9s del banco del Bienestar, a pesar de la veda electoral, as\u00ed como la entrega de apoyos en especie por parte de la SEDESOL a mujeres en la v\u00eda p\u00fablica.<\/p>\n\n\n\n<p>&#8220;Lo cual es contra la Ley, lo marca el art\u00edculo 134 constitucional y todo el tiempo sin recato alguno est\u00e1n infringiendo la Ley&#8221;, se\u00f1al\u00f3.<\/p>\n\n\n\n<p>Finalmente inform\u00f3 que, &#8220;en Coatzacoalcos est\u00e1n convocando gente al banco del Bienestar para empadronarlos en los programas sociales y darles apoyos&#8221;.<\/p>\n","protected":false},"excerpt":{"rendered":"<p>Dar\u00edo Pale Xalapa, Ver.- Al d\u00eda de hoy el candidato a la gubernatura, Jos\u00e9 Francisco Yunes Zorrilla, ya va 3 puntos arriba de la candidata de Morena, Roc\u00edo Nahle, adem\u00e1s de que presentar\u00e1n denuncia por pago de programas en veda electoral, as\u00ed lo dio a conocer el presidente del Comit\u00e9 Directivo Estatal del PRI, Adolfo [&hellip;]<\/p>\n","protected":false},"author":2476,"featured_media":53763,"comment_status":"open","ping_status":"open","sticky":false,"template":"","format":"standard","meta":{"_jetpack_memberships_contains_paid_content":false,"footnotes":""},"categories":[2],"tags":[],"class_list":["post-53762","post","type-post","status-publish","format-standard","has-post-thumbnail","hentry","category-estado"],"jetpack_featured_media_url":"https:\/\/encuentroinformativo.com.mx\/wp-content\/uploads\/2024\/04\/IMG-20240429-WA0039.jpg","jetpack_sharing_enabled":true,"jetpack_likes_enabled":true,"amp_enabled":true,"_links":{"self":[{"href":"https:\/\/encuentroinformativo.com.mx\/index.php?rest_route=\/wp\/v2\/posts\/53762","targetHints":{"allow":["GET"]}}],"collection":[{"href":"https:\/\/encuentroinformativo.com.mx\/index.php?rest_route=\/wp\/v2\/posts"}],"about":[{"href":"https:\/\/encuentroinformativo.com.mx\/index.php?rest_route=\/wp\/v2\/types\/post"}],"author":[{"embeddable":true,"href":"https:\/\/encuentroinformativo.com.mx\/index.php?rest_route=\/wp\/v2\/users\/2476"}],"replies":[{"embeddable":true,"href":"https:\/\/encuentroinformativo.com.mx\/index.php?rest_route=%2Fwp%2Fv2%2Fcomments&post=53762"}],"version-history":[{"count":1,"href":"https:\/\/encuentroinformativo.com.mx\/index.php?rest_route=\/wp\/v2\/posts\/53762\/revisions"}],"predecessor-version":[{"id":53764,"href":"https:\/\/encuentroinformativo.com.mx\/index.php?rest_route=\/wp\/v2\/posts\/53762\/revisions\/53764"}],"wp:featuredmedia":[{"embeddable":true,"href":"https:\/\/encuentroinformativo.com.mx\/index.php?rest_route=\/wp\/v2\/media\/53763"}],"wp:attachment":[{"href":"https:\/\/encuentroinformativo.com.mx\/index.php?rest_route=%2Fwp%2Fv2%2Fmedia&parent=53762"}],"wp:term":[{"taxonomy":"category","embeddable":true,"href":"https:\/\/encuentroinformativo.com.mx\/index.php?rest_route=%2Fwp%2Fv2%2Fcategories&post=53762"},{"taxonomy":"post_tag","embeddable":true,"href":"https:\/\/encuentroinformativo.com.mx\/index.php?rest_route=%2Fwp%2Fv2%2Ftags&post=53762"}],"curies":[{"name":"wp","href":"https:\/\/api.w.org\/{rel}","templated":true}]}}