{"id":53768,"date":"2024-04-29T13:15:12","date_gmt":"2024-04-29T19:15:12","guid":{"rendered":"https:\/\/encuentroinformativo.com.mx\/?p=53768"},"modified":"2024-04-29T13:15:18","modified_gmt":"2024-04-29T19:15:18","slug":"piden-mujeres-atender-todos-los-casos-de-feminicidios","status":"publish","type":"post","link":"https:\/\/encuentroinformativo.com.mx\/?p=53768","title":{"rendered":"Piden mujeres atender todos los casos de feminicidios"},"content":{"rendered":"\n<p><strong>Juan Arcos <\/strong><\/p>\n\n\n\n<p>Xalapa, Ver.- Grupos feministas reforzaron la campa\u00f1a en redes sociales \u201cno soy medi\u00e1tica pero mi vida vale\u201d, para hacer hincapi\u00e9 en que todos los casos de violencia contra las mujeres son importantes aunque no hayan llegado a los medios de comunicaci\u00f3n.<\/p>\n\n\n\n<p>\u201c\u00bfQu\u00e9 sucede con aquellas cuyos casos no llegan a los titulares? La justicia no puede ser selectiva. Todas merecen ser escuchadas y protegidas, independientemente de su visibilidad medi\u00e1tica\u201d, cuestionan.<\/p>\n\n\n\n<p>El aumento de las violencias contra, ni\u00f1as, adolescentes y mujeres ha desencadenado una ola de movilizaciones para visibilizar y seguir poniendo al centro el tema de violencia de g\u00e9nero, como un asunto urgente para la pol\u00edtica mexicana.<\/p>\n\n\n\n<p>La activista Ana Valderrama menciona que a veces los jueces, los fiscales y los peritos no tienen perspectiva de g\u00e9nero, catalogando algunos feminicidios como otros delitos, minimizando este hecho.<\/p>\n\n\n\n<p>La colectiva Sobrevivientes de Feminicidio brindaba acompa\u00f1amiento a alrededor de 60 mujeres que se encuentran en diversos sitios de la Rep\u00fablica; sin embargo, en Veracruz hab\u00eda entre 20 y 25 chicas que recib\u00edan apoyo por parte de esta organizaci\u00f3n.\u00a0<\/p>\n\n\n\n<p>\u201cDestacamos el valioso trabajo de la Sobrevivientes de feminicidio y la #RedJacarandas, quienes han luchado incansablemente por la justicia y la dignidad de todas las mujeres en toda su diversidad; que, en relaci\u00f3n con la legislaci\u00f3n sobre el Feminicidio en Grado de Tentativa, el proyecto FON resalta el esfuerzo de las Organizaciones de la Sociedad Civil y, sobre todo, las propias sobrevivientes, por su labor en defensa de la vida de mujeres y ni\u00f1as en #M\u00e9xico\u201d, se lee en algunas publicaciones donde se se\u00f1ala a la organizaci\u00f3n Sobrevivientes de Feminicidio.<\/p>\n\n\n\n<p>\u201cDesde el Proyecto FON, reconozcamos el incansable trabajo de todas aquellas que han luchado incansablemente por la justicia de g\u00e9nero. Es momento de que su dedicaci\u00f3n se refleje en leyes concretas que protejan a las mujeres\u201d, a\u00f1aden.<\/p>\n\n\n\n<p>Colectivas feministas del estado de Veracruz han se\u00f1alado que el sistema de justicia, es opaco, omiso y revictimizante en los casos de mujeres sobrevivientes de feminicidio.\u00a0<\/p>\n","protected":false},"excerpt":{"rendered":"<p>Juan Arcos Xalapa, Ver.- Grupos feministas reforzaron la campa\u00f1a en redes sociales \u201cno soy medi\u00e1tica pero mi vida vale\u201d, para hacer hincapi\u00e9 en que todos los casos de violencia contra las mujeres son importantes aunque no hayan llegado a los medios de comunicaci\u00f3n. \u201c\u00bfQu\u00e9 sucede con aquellas cuyos casos no llegan a los titulares? La [&hellip;]<\/p>\n","protected":false},"author":2476,"featured_media":53769,"comment_status":"open","ping_status":"open","sticky":false,"template":"","format":"standard","meta":{"_jetpack_memberships_contains_paid_content":false,"footnotes":""},"categories":[3],"tags":[],"class_list":["post-53768","post","type-post","status-publish","format-standard","has-post-thumbnail","hentry","category-xalapa"],"jetpack_featured_media_url":"https:\/\/encuentroinformativo.com.mx\/wp-content\/uploads\/2024\/04\/IMG_5779.jpg","jetpack_sharing_enabled":true,"jetpack_likes_enabled":true,"amp_enabled":true,"_links":{"self":[{"href":"https:\/\/encuentroinformativo.com.mx\/index.php?rest_route=\/wp\/v2\/posts\/53768","targetHints":{"allow":["GET"]}}],"collection":[{"href":"https:\/\/encuentroinformativo.com.mx\/index.php?rest_route=\/wp\/v2\/posts"}],"about":[{"href":"https:\/\/encuentroinformativo.com.mx\/index.php?rest_route=\/wp\/v2\/types\/post"}],"author":[{"embeddable":true,"href":"https:\/\/encuentroinformativo.com.mx\/index.php?rest_route=\/wp\/v2\/users\/2476"}],"replies":[{"embeddable":true,"href":"https:\/\/encuentroinformativo.com.mx\/index.php?rest_route=%2Fwp%2Fv2%2Fcomments&post=53768"}],"version-history":[{"count":1,"href":"https:\/\/encuentroinformativo.com.mx\/index.php?rest_route=\/wp\/v2\/posts\/53768\/revisions"}],"predecessor-version":[{"id":53770,"href":"https:\/\/encuentroinformativo.com.mx\/index.php?rest_route=\/wp\/v2\/posts\/53768\/revisions\/53770"}],"wp:featuredmedia":[{"embeddable":true,"href":"https:\/\/encuentroinformativo.com.mx\/index.php?rest_route=\/wp\/v2\/media\/53769"}],"wp:attachment":[{"href":"https:\/\/encuentroinformativo.com.mx\/index.php?rest_route=%2Fwp%2Fv2%2Fmedia&parent=53768"}],"wp:term":[{"taxonomy":"category","embeddable":true,"href":"https:\/\/encuentroinformativo.com.mx\/index.php?rest_route=%2Fwp%2Fv2%2Fcategories&post=53768"},{"taxonomy":"post_tag","embeddable":true,"href":"https:\/\/encuentroinformativo.com.mx\/index.php?rest_route=%2Fwp%2Fv2%2Ftags&post=53768"}],"curies":[{"name":"wp","href":"https:\/\/api.w.org\/{rel}","templated":true}]}}