{"id":5377,"date":"2020-08-31T09:01:38","date_gmt":"2020-08-31T14:01:38","guid":{"rendered":"https:\/\/encuentroinformativo.com\/?p=5377"},"modified":"2020-08-31T09:01:42","modified_gmt":"2020-08-31T14:01:42","slug":"morena-y-morbo-yunista","status":"publish","type":"post","link":"https:\/\/encuentroinformativo.com.mx\/?p=5377","title":{"rendered":"Morena y morbo yunista"},"content":{"rendered":"\n<p><strong>Los Politicos<\/strong><\/p>\n\n\n\n<p><strong>Salvador Mu\u00f1oz<\/strong><br><\/p>\n\n\n\n<p>Si las circunstancias se acomodan en torno a Morena y si la alianza PAN-PRI-PRD se da, ambos elementos pol\u00edticos podr\u00edan darnos una elecci\u00f3n de morbo nuevamente, ahora a ras de una curul federal: Yunes vs Yunes, y s\u00ed, nuevamente primo contra primo. Y no, no se trata de Miguel \u00c1ngel y H\u00e9ctor, ni de Chiquiyunes y Andrea\u2026 \u00bfc\u00f3mo ver\u00edan un encuentro entre Pepe Yunes Zorrilla contra Juan Manuel Vel\u00e1zquez Yunes? Insisto: Antes, se tendr\u00edan que acomodar varias cosas, entre ellas, la principal, que los grupos al interior de Morena y los \u201csangre pura\u201d de dicho partido, apuesten a ganar con los mejores candidatos dejando a un lado la t\u00f3mbola.<\/p>\n\n\n\n<p>Nos volvemos a situar en Coatepec pero sirva como ejemplo para los dem\u00e1s distritos si es que Morena no s\u00f3lo quiere conservar los ya ganados, tanto en la federal como local, sino ya por fin, obtener una alcald\u00eda en esta zona del Pueblo M\u00e1gico.<\/p>\n\n\n\n<p>Hay en Morena a quienes les queda claro que el arrastre vivido en el 2018 con Andr\u00e9s Manuel L\u00f3pez Obrador ya no tendr\u00e1 el jale en este 2021 por las razones que usted quiera, pero la m\u00e1s l\u00f3gica, es el desgaste natural que todo partido en el poder tiene aunque para muchos, el de Morena es m\u00e1s precipitado que el del mismo Presidente, que se quiera o no, guste o no, su 50 por ciento le da fuelle\u2026 hasta este momento\u2026 aunque ojo, puede seguir cayendo de aqu\u00ed a un a\u00f1o\u2026 en tanto que la ca\u00edda de Morena, del partido, obedece m\u00e1s a quienes no aprovecharon la oportunidad para hacer pol\u00edtica y entendieron que hab\u00eda que aprovechar el momento y simplemente se convirtieron en el monstruo que lidiaban: la corrupci\u00f3n.<\/p>\n\n\n\n<p>De los pocos que entienden el momento por el que atraviesan, que les fosforean las meninges, saben que para este 2021, jugar a la t\u00f3mbola es jugar a perder y es por eso que ahora, ya hay en Morena una especie de \u201cHeadhunters\u201d, buscando a l\u00edderes locales, pol\u00edticos y empresarios que quieran participar bajo las siglas del partido.<\/p>\n\n\n\n<p>\u00a1Ojo! Esto no quiere decir que se desplace a la militancia, sino que a \u00e9sta se le dar\u00e1 igual su espacio en funci\u00f3n de la experiencia adquirida, de la gestor\u00eda social y hasta de su institucionalidad, no s\u00f3lo al Presidente, al Partido, sino en el caso de Veracruz, igual a Cuit\u00e1huac Garc\u00eda Jim\u00e9nez, el Gobernador.<\/p>\n\n\n\n<p>En este caso podr\u00edan entrar algunos diputados locales, ya sea para competir por la reelecci\u00f3n, una curul federal, o la alcald\u00eda de su pueblo natal.<\/p>\n\n\n\n<p>Cuando se habla de \u201cInstitucionalidad\u201d se refiere a que en Morena tiene rato que se han conformado grupos\u2026 el de Manuel Huerta, el de Roc\u00edo Nahle, el de Bola 8, el de Ahued, \u00a1vamos! \u00a1Hasta el de Cuitl\u00e1huac! Esto no es malo ni tendr\u00eda que ser tema de no ser por una cosa: s\u00f3lo un grupo apoya la labor del Gobierno del Estado; el resto, hace como que hace pero en realidad, barbecha y abona para s\u00ed, tanto, que a estas alturas, ya definieron muchos a sus candidatos, como en el caso de Coatepec, que citaban para la alcald\u00eda a Raymundo Andrade; a la diputaci\u00f3n local, al regidor Nacho Luna Hern\u00e1ndez; y Adri\u00e1n Gonz\u00e1lez Naveda, para la federal\u2026 pero con esta f\u00f3rmula no ser\u00eda posible el escenario con el que abrimos esta columna porque si bien, los grupos podr\u00edan apoyar a Raymundo Andrade por cumplir los requisitos que se le deben exigir a los morenos (experiencia, gestor\u00eda social e institucionalidad), a Nacho Luna se le podr\u00eda caer porque se apueste en la local a un candidato o m\u00e1s bien una candidata externa\u2026 \u00bfc\u00f3mo ver\u00edan a Arely Bonilla, actual s\u00edndica de Coatepec? s\u00ed, de seguro a los morenos de \u201csangre pura\u201d (muchos ellos j\u00f3venes que incursionan en la pol\u00edtica al nacimiento del partido) ver\u00edan con escozor esta posibilidad, pero al final, Arely no deja de ser una Marca Registrada en Coatepec. \u00bfY Juan Manuel Vel\u00e1zquez Yunes? Muy independiente que en estos momentos sea la mano derecha del Senador Ricardo Ahued, no hay que olvidar que el primo de Pepe Yunes igual trabaj\u00f3 para que en el 2018, se lograra el&nbsp; triunfo de este movimiento en este distrito. Que no les sorprenda su pasado, porque es claro entonces su biso\u00f1ez\u2026 las bases de Morena est\u00e1n conformadas por ex pri\u00edstas, ex perredistas, ex panistas, por citar pronto\u2026 el resto, quiz\u00e1s muchos de la t\u00f3mbola.<\/p>\n\n\n\n<p>Entonces, si los grupos de Morena deciden en estos pr\u00f3ximos meses apaciguar sus ansias de poder y apostar por su partido, deber\u00e1n entender que meter de candidatos a los cuates, jugar a la t\u00f3mbola, o apostar a improvisados, los puede llevar m\u00e1s al declive\u2026 ya muchos alcaldes, diputados, funcionarios del Gobierno o el mismo mandatario estatal o nacional, han puesto su granito de arena para que la gente tenga dudas respecto a Morena\u2026 es hora de empezar a hacer pol\u00edtica, si no, puede que tengamos un debut y despedida en tres a\u00f1os y de manera secundaria, nos quitar\u00edan la oportunidad de tener una elecci\u00f3n de morbo\u2026 \u00bfA poco no le gustar\u00eda ver un encuentro en las urnas entre Pepe Yunes y Vel\u00e1zquez Yunes?<br><\/p>\n\n\n\n<p><a href=\"mailto:smcainito@gmail.com\" target=\"_blank\" rel=\"noreferrer noopener\">smcainito@gmail.com<\/a><\/p>\n","protected":false},"excerpt":{"rendered":"<p>Los Politicos Salvador Mu\u00f1oz Si las circunstancias se acomodan en torno a Morena y si la alianza PAN-PRI-PRD se da, ambos elementos pol\u00edticos podr\u00edan darnos una elecci\u00f3n de morbo nuevamente, ahora a ras de una curul federal: Yunes vs Yunes, y s\u00ed, nuevamente primo contra primo. Y no, no se trata de Miguel \u00c1ngel y [&hellip;]<\/p>\n","protected":false},"author":1,"featured_media":387,"comment_status":"open","ping_status":"open","sticky":false,"template":"","format":"standard","meta":{"_jetpack_memberships_contains_paid_content":false,"footnotes":""},"categories":[11],"tags":[],"class_list":["post-5377","post","type-post","status-publish","format-standard","has-post-thumbnail","hentry","category-opinion"],"jetpack_featured_media_url":"https:\/\/encuentroinformativo.com.mx\/wp-content\/uploads\/2020\/03\/7CF8A22B-2764-47BE-8F7F-38FE9E5D6A2F.jpeg","jetpack_sharing_enabled":true,"jetpack_likes_enabled":true,"amp_enabled":true,"_links":{"self":[{"href":"https:\/\/encuentroinformativo.com.mx\/index.php?rest_route=\/wp\/v2\/posts\/5377","targetHints":{"allow":["GET"]}}],"collection":[{"href":"https:\/\/encuentroinformativo.com.mx\/index.php?rest_route=\/wp\/v2\/posts"}],"about":[{"href":"https:\/\/encuentroinformativo.com.mx\/index.php?rest_route=\/wp\/v2\/types\/post"}],"author":[{"embeddable":true,"href":"https:\/\/encuentroinformativo.com.mx\/index.php?rest_route=\/wp\/v2\/users\/1"}],"replies":[{"embeddable":true,"href":"https:\/\/encuentroinformativo.com.mx\/index.php?rest_route=%2Fwp%2Fv2%2Fcomments&post=5377"}],"version-history":[{"count":1,"href":"https:\/\/encuentroinformativo.com.mx\/index.php?rest_route=\/wp\/v2\/posts\/5377\/revisions"}],"predecessor-version":[{"id":5378,"href":"https:\/\/encuentroinformativo.com.mx\/index.php?rest_route=\/wp\/v2\/posts\/5377\/revisions\/5378"}],"wp:featuredmedia":[{"embeddable":true,"href":"https:\/\/encuentroinformativo.com.mx\/index.php?rest_route=\/wp\/v2\/media\/387"}],"wp:attachment":[{"href":"https:\/\/encuentroinformativo.com.mx\/index.php?rest_route=%2Fwp%2Fv2%2Fmedia&parent=5377"}],"wp:term":[{"taxonomy":"category","embeddable":true,"href":"https:\/\/encuentroinformativo.com.mx\/index.php?rest_route=%2Fwp%2Fv2%2Fcategories&post=5377"},{"taxonomy":"post_tag","embeddable":true,"href":"https:\/\/encuentroinformativo.com.mx\/index.php?rest_route=%2Fwp%2Fv2%2Ftags&post=5377"}],"curies":[{"name":"wp","href":"https:\/\/api.w.org\/{rel}","templated":true}]}}