{"id":53771,"date":"2024-04-29T13:17:50","date_gmt":"2024-04-29T19:17:50","guid":{"rendered":"https:\/\/encuentroinformativo.com.mx\/?p=53771"},"modified":"2024-04-29T13:17:56","modified_gmt":"2024-04-29T19:17:56","slug":"asociacion-civil-denuncia-10-casos-diarios-de-abandono-y-maltrato-animal","status":"publish","type":"post","link":"https:\/\/encuentroinformativo.com.mx\/?p=53771","title":{"rendered":"Asociaci\u00f3n Civil denuncia 10 casos diarios de abandono y maltrato animal"},"content":{"rendered":"\n<p><strong>Alejandro \u00c1vila<\/strong><\/p>\n\n\n\n<p>Veracruz, Ver.- Ana Mar\u00eda Rivas S\u00e1inz, Integrante de Amo la Vida Pro Mejora Animal, mencion\u00f3 en entrevista que existen reportes de 10 casos diarios de abandono y maltrato animal, mismos que se dan, en su mayor\u00eda, en la zona norte del municipio de Veracruz.<\/p>\n\n\n\n<p>Ante esta situaci\u00f3n, declar\u00f3 que han aumentado las pl\u00e1ticas de concientizaci\u00f3n en escuelas primarias y secundarias de la zona conurbada Veracruz &#8211; Boca del R\u00edo.<\/p>\n\n\n\n<p>&#8220;Pues yo creo que f\u00e1cil unos 10 casos diarios, entre abandono y maltrato, y esos son los casos que nos enteramos, porque la verdad s\u00ed es muy importante llamar al Centro de Salud Animal que haga m\u00e1s labor de trabajo y m\u00e1s labor de castigo, porque la verdad hay una Ley Animal 876, y no se est\u00e1 cumpliendo, no se ve multa, no se ve castigos, no se ve c\u00e1rcel, como ahorita el caso del perrito que les mencion\u00e9, no se ve orden de aprehensi\u00f3n contra el individuo que lo machete\u00f3, pero al parecer est\u00e1 huyendo&#8221;, subray\u00f3.<\/p>\n\n\n\n<p>La animalista coment\u00f3 que, a la par, se realizan jornadas de esterilizaci\u00f3n a bajo costo en diversas colonias de los municipios conurbados.<\/p>\n\n\n\n<p>&#8220;Hacemos campa\u00f1as de esterilizaci\u00f3n a bajo costo de perritos, de gatitos, sobre todo de gatitos que es donde m\u00e1s prolifera, estereotipa y repudia de alguna forma&#8221;, agreg\u00f3.<\/p>\n\n\n\n<p>Finalmente, mencion\u00f3 que la Asociaci\u00f3n Civil de la cual es integrante tendr\u00e1 un espacio el pr\u00f3ximo 4 y 5 de mayo en la Expo Mac, que se llevar\u00e1 a cabo en el Word Trade Center de Boca del R\u00edo, desde donde invitar\u00e1n a reflexionar sobre el abandono de mascotas y, sobre todo, recaudar\u00e1n fondos para continuar con su lucha de apoyo animalista.<\/p>\n","protected":false},"excerpt":{"rendered":"<p>Alejandro \u00c1vila Veracruz, Ver.- Ana Mar\u00eda Rivas S\u00e1inz, Integrante de Amo la Vida Pro Mejora Animal, mencion\u00f3 en entrevista que existen reportes de 10 casos diarios de abandono y maltrato animal, mismos que se dan, en su mayor\u00eda, en la zona norte del municipio de Veracruz. Ante esta situaci\u00f3n, declar\u00f3 que han aumentado las pl\u00e1ticas [&hellip;]<\/p>\n","protected":false},"author":2476,"featured_media":53772,"comment_status":"open","ping_status":"open","sticky":false,"template":"","format":"standard","meta":{"_jetpack_memberships_contains_paid_content":false,"footnotes":""},"categories":[2],"tags":[],"class_list":["post-53771","post","type-post","status-publish","format-standard","has-post-thumbnail","hentry","category-estado"],"jetpack_featured_media_url":"https:\/\/encuentroinformativo.com.mx\/wp-content\/uploads\/2024\/04\/IMG-20240429-WA0085.jpg","jetpack_sharing_enabled":true,"jetpack_likes_enabled":true,"amp_enabled":true,"_links":{"self":[{"href":"https:\/\/encuentroinformativo.com.mx\/index.php?rest_route=\/wp\/v2\/posts\/53771","targetHints":{"allow":["GET"]}}],"collection":[{"href":"https:\/\/encuentroinformativo.com.mx\/index.php?rest_route=\/wp\/v2\/posts"}],"about":[{"href":"https:\/\/encuentroinformativo.com.mx\/index.php?rest_route=\/wp\/v2\/types\/post"}],"author":[{"embeddable":true,"href":"https:\/\/encuentroinformativo.com.mx\/index.php?rest_route=\/wp\/v2\/users\/2476"}],"replies":[{"embeddable":true,"href":"https:\/\/encuentroinformativo.com.mx\/index.php?rest_route=%2Fwp%2Fv2%2Fcomments&post=53771"}],"version-history":[{"count":1,"href":"https:\/\/encuentroinformativo.com.mx\/index.php?rest_route=\/wp\/v2\/posts\/53771\/revisions"}],"predecessor-version":[{"id":53773,"href":"https:\/\/encuentroinformativo.com.mx\/index.php?rest_route=\/wp\/v2\/posts\/53771\/revisions\/53773"}],"wp:featuredmedia":[{"embeddable":true,"href":"https:\/\/encuentroinformativo.com.mx\/index.php?rest_route=\/wp\/v2\/media\/53772"}],"wp:attachment":[{"href":"https:\/\/encuentroinformativo.com.mx\/index.php?rest_route=%2Fwp%2Fv2%2Fmedia&parent=53771"}],"wp:term":[{"taxonomy":"category","embeddable":true,"href":"https:\/\/encuentroinformativo.com.mx\/index.php?rest_route=%2Fwp%2Fv2%2Fcategories&post=53771"},{"taxonomy":"post_tag","embeddable":true,"href":"https:\/\/encuentroinformativo.com.mx\/index.php?rest_route=%2Fwp%2Fv2%2Ftags&post=53771"}],"curies":[{"name":"wp","href":"https:\/\/api.w.org\/{rel}","templated":true}]}}