{"id":53783,"date":"2024-04-29T14:45:48","date_gmt":"2024-04-29T20:45:48","guid":{"rendered":"https:\/\/encuentroinformativo.com.mx\/?p=53783"},"modified":"2024-04-29T14:45:53","modified_gmt":"2024-04-29T20:45:53","slug":"desconocen-a-aceves-amezcua-como-lider-de-la-ctm","status":"publish","type":"post","link":"https:\/\/encuentroinformativo.com.mx\/?p=53783","title":{"rendered":"Desconocen a Aceves Amezcua como l\u00edder de la CTM"},"content":{"rendered":"\n<p><strong>Dar\u00edo Pale <\/strong><\/p>\n\n\n\n<p>Xalapa, Ver.- La CTM Xalapa desconoce a Carlos Aceves Amezcua como su dirigente, ya que se ostenta como l\u00edder de esta agrupaci\u00f3n en Xalapa, as\u00ed lo dieron a conocer los Secretarios generales de diferentes sindicatos de la Confederaci\u00f3n de Trabajadores de M\u00e9xico (CTM).<\/p>\n\n\n\n<p>En conferencia de prensa Anibal Pacheco L\u00f3pez l\u00edder de la CTM Xalapa dio a conocer que nunca se hizo una convocatoria ni asamblea para nombrarlo o elegirlo, sino que \u00e9l de manera ilegal utiliza un escrito de su t\u00edo que es el l\u00edder nacional.\u00a0<\/p>\n\n\n\n<p>&#8220;Nadie vot\u00f3 por \u00e9l y se hace ostentar dirigente de la CTM en Xalapa con un escrito de su t\u00edo, sin sustento ni democr\u00e1tico ni leg\u00edtimo. Somos m\u00e1s de 40 sindicatos y nadie vot\u00f3 por \u00e9l,no hubo convocatoria para que fuera electo&#8221;, coment\u00f3.\u00a0<\/p>\n\n\n\n<p>Ante ello, manifestaron su rechazo a estos hechos y anunciaron que estar\u00e1n \u00a0en una lucha legal en su contra, pues de de manera autoritaria ha usurpado este cargo.\u00a0<\/p>\n\n\n\n<p>&#8220;Ha sorprendido a otras agrupaciones y ha enga\u00f1ado al gobierno. No lo vamos a permitir no lo reconocemos, no es ni siquiera secretario solo un lazo familiar&#8221;, se\u00f1al\u00f3.\u00a0<\/p>\n\n\n\n<p>Asimismo, advirtieron que para el desfile del 1 de mayo se deslindar\u00e1n de Carlos Aceves Amezcua, pues insistieron que lo desconocen como su dirigente.\u00a0<\/p>\n\n\n\n<p>&#8220;Son como 6 o 8 sindicatos qu\u00e9 estar\u00e1n con \u00e9l pero obligados desde M\u00e9xico, nosostros no queremos confrontaci\u00f3n y no queremos que nos encabece&#8221;, dijo en conferencia de prensa.<\/p>\n\n\n\n<p>Finalmente se\u00f1al\u00f3 que si las organizaciones que respaldan a Carlos Aceves quieren marchar tendr\u00e1n que formarse atr\u00e1s de ellos y que quienes ir\u00e1n al frente son ellos.<\/p>\n","protected":false},"excerpt":{"rendered":"<p>Dar\u00edo Pale Xalapa, Ver.- La CTM Xalapa desconoce a Carlos Aceves Amezcua como su dirigente, ya que se ostenta como l\u00edder de esta agrupaci\u00f3n en Xalapa, as\u00ed lo dieron a conocer los Secretarios generales de diferentes sindicatos de la Confederaci\u00f3n de Trabajadores de M\u00e9xico (CTM). En conferencia de prensa Anibal Pacheco L\u00f3pez l\u00edder de la [&hellip;]<\/p>\n","protected":false},"author":2476,"featured_media":53784,"comment_status":"open","ping_status":"open","sticky":false,"template":"","format":"standard","meta":{"_jetpack_memberships_contains_paid_content":false,"footnotes":""},"categories":[3],"tags":[],"class_list":["post-53783","post","type-post","status-publish","format-standard","has-post-thumbnail","hentry","category-xalapa"],"jetpack_featured_media_url":"https:\/\/encuentroinformativo.com.mx\/wp-content\/uploads\/2024\/04\/IMG-20240429-WA0090.jpg","jetpack_sharing_enabled":true,"jetpack_likes_enabled":true,"amp_enabled":true,"_links":{"self":[{"href":"https:\/\/encuentroinformativo.com.mx\/index.php?rest_route=\/wp\/v2\/posts\/53783","targetHints":{"allow":["GET"]}}],"collection":[{"href":"https:\/\/encuentroinformativo.com.mx\/index.php?rest_route=\/wp\/v2\/posts"}],"about":[{"href":"https:\/\/encuentroinformativo.com.mx\/index.php?rest_route=\/wp\/v2\/types\/post"}],"author":[{"embeddable":true,"href":"https:\/\/encuentroinformativo.com.mx\/index.php?rest_route=\/wp\/v2\/users\/2476"}],"replies":[{"embeddable":true,"href":"https:\/\/encuentroinformativo.com.mx\/index.php?rest_route=%2Fwp%2Fv2%2Fcomments&post=53783"}],"version-history":[{"count":1,"href":"https:\/\/encuentroinformativo.com.mx\/index.php?rest_route=\/wp\/v2\/posts\/53783\/revisions"}],"predecessor-version":[{"id":53785,"href":"https:\/\/encuentroinformativo.com.mx\/index.php?rest_route=\/wp\/v2\/posts\/53783\/revisions\/53785"}],"wp:featuredmedia":[{"embeddable":true,"href":"https:\/\/encuentroinformativo.com.mx\/index.php?rest_route=\/wp\/v2\/media\/53784"}],"wp:attachment":[{"href":"https:\/\/encuentroinformativo.com.mx\/index.php?rest_route=%2Fwp%2Fv2%2Fmedia&parent=53783"}],"wp:term":[{"taxonomy":"category","embeddable":true,"href":"https:\/\/encuentroinformativo.com.mx\/index.php?rest_route=%2Fwp%2Fv2%2Fcategories&post=53783"},{"taxonomy":"post_tag","embeddable":true,"href":"https:\/\/encuentroinformativo.com.mx\/index.php?rest_route=%2Fwp%2Fv2%2Ftags&post=53783"}],"curies":[{"name":"wp","href":"https:\/\/api.w.org\/{rel}","templated":true}]}}