{"id":53786,"date":"2024-04-29T14:49:35","date_gmt":"2024-04-29T20:49:35","guid":{"rendered":"https:\/\/encuentroinformativo.com.mx\/?p=53786"},"modified":"2024-04-29T14:49:41","modified_gmt":"2024-04-29T20:49:41","slug":"sin-misa-de-agradecimiento-realizaran-edicion-2024-de-la-magia-de-tus-xv-anos","status":"publish","type":"post","link":"https:\/\/encuentroinformativo.com.mx\/?p=53786","title":{"rendered":"Sin misa de agradecimiento realizar\u00e1n edici\u00f3n 2024 de &#8220;La Magia de tus XV a\u00f1os&#8221;"},"content":{"rendered":"\n<p><strong>Alejandro \u00c1vila<\/strong><\/p>\n\n\n\n<p>Veracruz, Ver.- Sin misa de agradecimiento se realizar\u00e1 la edici\u00f3n  2024 del evento, &#8220;La Magia de tus XV a\u00f1os&#8221;, mencion\u00f3 el presidente de la Asociaci\u00f3n &#8220;Jarochos LGBTQ+&#8221;, Enrique Izacur Maldonado.<\/p>\n\n\n\n<p>La edici\u00f3n 19 de este evento, que se realizar\u00e1 el pr\u00f3ximo viernes 3 de mayo, no tendr\u00e1 por primera ocasi\u00f3n la misa de agradecimiento, debido a que el p\u00e1rroco de la Catedral de Veracruz se neg\u00f3 a brindarles el servicio; es de mencionar que, la Asociaci\u00f3n Civil regala a jovencitas escasos recursos su festejo de 15 a\u00f1os.<\/p>\n\n\n\n<p>\u201cMuy lamentable, no s\u00e9 si por ser una asociaci\u00f3n LGBTIQ+ pensaron que la misa era para nosotros, no se si no comprendieron el tema que nada m\u00e1s \u00e9ramos unos gestores para que las ni\u00f1as accedieran a la misa, la misa era para ellas. En una cierta parte ellas se quedaron tristes por el tema, pero hay que adaptarse a lo que hay y seguir\u201d, dijo.<\/p>\n\n\n\n<p>Ser\u00e1n diez quincea\u00f1eras las que se festejen y que fueron seleccionadas tomando en cuenta su situaci\u00f3n econ\u00f3mica, adem\u00e1s de que vivieran en la zona de Veracruz y Boca dell R\u00edo.<\/p>\n\n\n\n<p>Las beneficiadas no pagaron nada de la fiesta y tendr\u00e1n vestido, banquete y m\u00fasica.<\/p>\n\n\n\n<p>\u201cSe logr\u00f3 darles a las chicas la oportunidad de darles su fiesta, muy bonito, lleno de ilusi\u00f3n para ellas, se llevar\u00e1 a cabo el viernes, son 10 quincea\u00f1eras, ya tenemos casi todo completo, se le va a dar vestido, zapatillas, fiesta completa con banquete, m\u00fasica, todo\u201d.<\/p>\n\n\n\n<p>Dado que hubo solicitudes de otras partes del estado, se planea algo para ellas que, en esta ocasi\u00f3n, no fueron seleccionadas.<\/p>\n","protected":false},"excerpt":{"rendered":"<p>Alejandro \u00c1vila Veracruz, Ver.- Sin misa de agradecimiento se realizar\u00e1 la edici\u00f3n 2024 del evento, &#8220;La Magia de tus XV a\u00f1os&#8221;, mencion\u00f3 el presidente de la Asociaci\u00f3n &#8220;Jarochos LGBTQ+&#8221;, Enrique Izacur Maldonado. La edici\u00f3n 19 de este evento, que se realizar\u00e1 el pr\u00f3ximo viernes 3 de mayo, no tendr\u00e1 por primera ocasi\u00f3n la misa de [&hellip;]<\/p>\n","protected":false},"author":2476,"featured_media":53787,"comment_status":"open","ping_status":"open","sticky":false,"template":"","format":"standard","meta":{"_jetpack_memberships_contains_paid_content":false,"footnotes":""},"categories":[2],"tags":[],"class_list":["post-53786","post","type-post","status-publish","format-standard","has-post-thumbnail","hentry","category-estado"],"jetpack_featured_media_url":"https:\/\/encuentroinformativo.com.mx\/wp-content\/uploads\/2024\/04\/IMG-20240429-WA01042.jpg","jetpack_sharing_enabled":true,"jetpack_likes_enabled":true,"amp_enabled":true,"_links":{"self":[{"href":"https:\/\/encuentroinformativo.com.mx\/index.php?rest_route=\/wp\/v2\/posts\/53786","targetHints":{"allow":["GET"]}}],"collection":[{"href":"https:\/\/encuentroinformativo.com.mx\/index.php?rest_route=\/wp\/v2\/posts"}],"about":[{"href":"https:\/\/encuentroinformativo.com.mx\/index.php?rest_route=\/wp\/v2\/types\/post"}],"author":[{"embeddable":true,"href":"https:\/\/encuentroinformativo.com.mx\/index.php?rest_route=\/wp\/v2\/users\/2476"}],"replies":[{"embeddable":true,"href":"https:\/\/encuentroinformativo.com.mx\/index.php?rest_route=%2Fwp%2Fv2%2Fcomments&post=53786"}],"version-history":[{"count":1,"href":"https:\/\/encuentroinformativo.com.mx\/index.php?rest_route=\/wp\/v2\/posts\/53786\/revisions"}],"predecessor-version":[{"id":53788,"href":"https:\/\/encuentroinformativo.com.mx\/index.php?rest_route=\/wp\/v2\/posts\/53786\/revisions\/53788"}],"wp:featuredmedia":[{"embeddable":true,"href":"https:\/\/encuentroinformativo.com.mx\/index.php?rest_route=\/wp\/v2\/media\/53787"}],"wp:attachment":[{"href":"https:\/\/encuentroinformativo.com.mx\/index.php?rest_route=%2Fwp%2Fv2%2Fmedia&parent=53786"}],"wp:term":[{"taxonomy":"category","embeddable":true,"href":"https:\/\/encuentroinformativo.com.mx\/index.php?rest_route=%2Fwp%2Fv2%2Fcategories&post=53786"},{"taxonomy":"post_tag","embeddable":true,"href":"https:\/\/encuentroinformativo.com.mx\/index.php?rest_route=%2Fwp%2Fv2%2Ftags&post=53786"}],"curies":[{"name":"wp","href":"https:\/\/api.w.org\/{rel}","templated":true}]}}